{"id":1023,"date":"2021-03-23T22:08:56","date_gmt":"2021-03-23T22:08:56","guid":{"rendered":"https:\/\/montevideocitytorque.com\/?p=1023"},"modified":"2021-03-23T22:08:57","modified_gmt":"2021-03-23T22:08:57","slug":"festejamos-el-dia-mundial-del-sindrome-de-down","status":"publish","type":"post","link":"https:\/\/montevideocitytorque.com\/en\/2021\/03\/festejamos-el-dia-mundial-del-sindrome-de-down\/","title":{"rendered":"\u00a1Festejamos el D\u00eda Mundial del S\u00edndrome de Down!"},"content":{"rendered":"<p class=\"has-large-font-size\">\u00a1Festejamos el D\u00eda Mundial del S\u00edndrome de Down!<\/p>\n\n\n\n<p>El domingo pasado recibimos en la Montevideo City Football Academy a nuestros amigos de \u201cCreando Sue\u00f1os\u201d, en el D\u00eda Mundial del S\u00edndrome de Down los chicos pudieron disfrutar de entrenar en nuestras instalaciones pasando una ma\u00f1a a puro f\u00fatbol.<\/p>\n\n\n\n<p>M\u00e1s de 30 chicos conocieron nuestra nueva academia y disfrutaron de nuestra cancha sint\u00e9tica profesional, donde luego del calentamiento necesario pudieron entrenar definici\u00f3n y cerrar la jornada con un partido.<\/p>\n\n\n\n<p>La sorpresa final la pusieron nuestros amigos de CONAPROLE quienes le obsequiaron a todos los chicos un helado para recuperar energ\u00edas.<\/p>\n\n\n\n<p>\u00a1Gracias a \u201cCreando Sue\u00f1os\u201d que nos permiti\u00f3 disfrutar de un hermoso d\u00eda! <\/p>\n\n\n\n<figure class=\"wp-block-gallery columns-3 is-cropped wp-block-gallery-1 is-layout-flex wp-block-gallery-is-layout-flex\"><ul class=\"blocks-gallery-grid\"><li class=\"blocks-gallery-item\"><figure><img loading=\"lazy\" decoding=\"async\" width=\"1024\" height=\"681\" src=\"https:\/\/montevideocitytorque.com\/wp-content\/uploads\/2021\/03\/DISDD-1-1.jpeg\" alt=\"\" data-id=\"1025\" data-full-url=\"https:\/\/montevideocitytorque.com\/wp-content\/uploads\/2021\/03\/DISDD-1-1.jpeg\" data-link=\"https:\/\/montevideocitytorque.com\/?attachment_id=1025\" class=\"wp-image-1025\" srcset=\"https:\/\/montevideocitytorque.com\/wp-content\/uploads\/2021\/03\/DISDD-1-1.jpeg 1024w, https:\/\/montevideocitytorque.com\/wp-content\/uploads\/2021\/03\/DISDD-1-1-300x200.jpeg 300w, https:\/\/montevideocitytorque.com\/wp-content\/uploads\/2021\/03\/DISDD-1-1-768x511.jpeg 768w, https:\/\/montevideocitytorque.com\/wp-content\/uploads\/2021\/03\/DISDD-1-1-220x146.jpeg 220w, https:\/\/montevideocitytorque.com\/wp-content\/uploads\/2021\/03\/DISDD-1-1-50x33.jpeg 50w, https:\/\/montevideocitytorque.com\/wp-content\/uploads\/2021\/03\/DISDD-1-1-113x75.jpeg 113w\" sizes=\"auto, (max-width:767px) 480px, (max-width:1024px) 100vw, 1024px\" \/><\/figure><\/li><li class=\"blocks-gallery-item\"><figure><img loading=\"lazy\" decoding=\"async\" width=\"1024\" height=\"681\" src=\"https:\/\/montevideocitytorque.com\/wp-content\/uploads\/2021\/03\/DISDD-2.jpeg\" alt=\"\" data-id=\"1026\" data-full-url=\"https:\/\/montevideocitytorque.com\/wp-content\/uploads\/2021\/03\/DISDD-2.jpeg\" data-link=\"https:\/\/montevideocitytorque.com\/?attachment_id=1026\" class=\"wp-image-1026\" srcset=\"https:\/\/montevideocitytorque.com\/wp-content\/uploads\/2021\/03\/DISDD-2.jpeg 1024w, https:\/\/montevideocitytorque.com\/wp-content\/uploads\/2021\/03\/DISDD-2-300x200.jpeg 300w, https:\/\/montevideocitytorque.com\/wp-content\/uploads\/2021\/03\/DISDD-2-768x511.jpeg 768w, https:\/\/montevideocitytorque.com\/wp-content\/uploads\/2021\/03\/DISDD-2-220x146.jpeg 220w, https:\/\/montevideocitytorque.com\/wp-content\/uploads\/2021\/03\/DISDD-2-50x33.jpeg 50w, https:\/\/montevideocitytorque.com\/wp-content\/uploads\/2021\/03\/DISDD-2-113x75.jpeg 113w\" sizes=\"auto, (max-width:767px) 480px, (max-width:1024px) 100vw, 1024px\" \/><\/figure><\/li><li class=\"blocks-gallery-item\"><figure><img loading=\"lazy\" decoding=\"async\" width=\"1024\" height=\"728\" src=\"https:\/\/montevideocitytorque.com\/wp-content\/uploads\/2021\/03\/DISDD-3.jpeg\" alt=\"\" data-id=\"1027\" data-full-url=\"https:\/\/montevideocitytorque.com\/wp-content\/uploads\/2021\/03\/DISDD-3.jpeg\" data-link=\"https:\/\/montevideocitytorque.com\/?attachment_id=1027\" class=\"wp-image-1027\" srcset=\"https:\/\/montevideocitytorque.com\/wp-content\/uploads\/2021\/03\/DISDD-3.jpeg 1024w, https:\/\/montevideocitytorque.com\/wp-content\/uploads\/2021\/03\/DISDD-3-300x213.jpeg 300w, https:\/\/montevideocitytorque.com\/wp-content\/uploads\/2021\/03\/DISDD-3-768x546.jpeg 768w, https:\/\/montevideocitytorque.com\/wp-content\/uploads\/2021\/03\/DISDD-3-205x146.jpeg 205w, https:\/\/montevideocitytorque.com\/wp-content\/uploads\/2021\/03\/DISDD-3-50x36.jpeg 50w, https:\/\/montevideocitytorque.com\/wp-content\/uploads\/2021\/03\/DISDD-3-105x75.jpeg 105w\" sizes=\"auto, (max-width:767px) 480px, (max-width:1024px) 100vw, 1024px\" \/><\/figure><\/li><\/ul><\/figure>\n\n\n\n<p><\/p>","protected":false},"excerpt":{"rendered":"<p>\u00a1Festejamos el D\u00eda Mundial del S\u00edndrome de Down! El domingo pasado recibimos en la Montevideo City Football Academy a nuestros<span class=\"excerpt-hellip\"> [\u2026]<\/span><\/p>\n","protected":false},"author":5,"featured_media":1024,"comment_status":"open","ping_status":"open","sticky":false,"template":"","format":"standard","meta":{"rop_custom_images_group":[],"rop_custom_messages_group":[],"rop_publish_now":"initial","rop_publish_now_accounts":[],"rop_publish_now_history":[],"rop_publish_now_status":"pending","_monsterinsights_skip_tracking":false,"_monsterinsights_sitenote_active":false,"_monsterinsights_sitenote_note":"","_monsterinsights_sitenote_category":0,"footnotes":""},"categories":[11],"tags":[],"class_list":["post-1023","post","type-post","status-publish","format-standard","has-post-thumbnail","hentry","category-noticias"],"yoast_head":"<!-- This site is optimized with the Yoast SEO plugin v27.5 - https:\/\/yoast.com\/product\/yoast-seo-wordpress\/ -->\n<title>\u00a1Festejamos el D\u00eda Mundial del S\u00edndrome de Down! &#8226; Montevideo City Torque<\/title>\n<meta name=\"robots\" content=\"index, follow, max-snippet:-1, max-image-preview:large, max-video-preview:-1\" \/>\n<link rel=\"canonical\" href=\"https:\/\/montevideocitytorque.com\/en\/2021\/03\/festejamos-el-dia-mundial-del-sindrome-de-down\/\" \/>\n<meta property=\"og:locale\" content=\"en_GB\" \/>\n<meta property=\"og:type\" content=\"article\" \/>\n<meta property=\"og:title\" content=\"\u00a1Festejamos el D\u00eda Mundial del S\u00edndrome de Down! &#8226; Montevideo City Torque\" \/>\n<meta property=\"og:description\" content=\"\u00a1Festejamos el D\u00eda Mundial del S\u00edndrome de Down! El domingo pasado recibimos en la Montevideo City Football Academy a nuestros [\u2026]\" \/>\n<meta property=\"og:url\" content=\"https:\/\/montevideocitytorque.com\/en\/2021\/03\/festejamos-el-dia-mundial-del-sindrome-de-down\/\" \/>\n<meta property=\"og:site_name\" content=\"Montevideo City Torque\" \/>\n<meta property=\"article:publisher\" content=\"https:\/\/www.facebook.com\/mvdcitytorque\" \/>\n<meta property=\"article:published_time\" content=\"2021-03-23T22:08:56+00:00\" \/>\n<meta property=\"article:modified_time\" content=\"2021-03-23T22:08:57+00:00\" \/>\n<meta property=\"og:image\" content=\"https:\/\/63s6d1.a2cdn1.secureserver.net\/wp-content\/uploads\/2021\/03\/DISDD-1.jpeg?time=1732027240\" \/>\n\t<meta property=\"og:image:width\" content=\"1024\" \/>\n\t<meta property=\"og:image:height\" content=\"681\" \/>\n\t<meta property=\"og:image:type\" content=\"image\/jpeg\" \/>\n<meta name=\"author\" content=\"Olivera Manuel\" \/>\n<meta name=\"twitter:card\" content=\"summary_large_image\" \/>\n<meta name=\"twitter:creator\" content=\"@mvdcitytorque\" \/>\n<meta name=\"twitter:site\" content=\"@mvdcitytorque\" \/>\n<meta name=\"twitter:label1\" content=\"Written by\" \/>\n\t<meta name=\"twitter:data1\" content=\"Olivera Manuel\" \/>\n\t<meta name=\"twitter:label2\" content=\"Estimated reading time\" \/>\n\t<meta name=\"twitter:data2\" content=\"2 minutes\" \/>\n<script type=\"application\/ld+json\" class=\"yoast-schema-graph\">{\"@context\":\"https:\\\/\\\/schema.org\",\"@graph\":[{\"@type\":\"Article\",\"@id\":\"https:\\\/\\\/montevideocitytorque.com\\\/2021\\\/03\\\/festejamos-el-dia-mundial-del-sindrome-de-down\\\/#article\",\"isPartOf\":{\"@id\":\"https:\\\/\\\/montevideocitytorque.com\\\/2021\\\/03\\\/festejamos-el-dia-mundial-del-sindrome-de-down\\\/\"},\"author\":{\"name\":\"Olivera Manuel\",\"@id\":\"https:\\\/\\\/montevideocitytorque.com\\\/#\\\/schema\\\/person\\\/8ea07b5e5f3eb723c9085a560146eb75\"},\"headline\":\"\u00a1Festejamos el D\u00eda Mundial del S\u00edndrome de Down!\",\"datePublished\":\"2021-03-23T22:08:56+00:00\",\"dateModified\":\"2021-03-23T22:08:57+00:00\",\"mainEntityOfPage\":{\"@id\":\"https:\\\/\\\/montevideocitytorque.com\\\/2021\\\/03\\\/festejamos-el-dia-mundial-del-sindrome-de-down\\\/\"},\"wordCount\":132,\"commentCount\":0,\"publisher\":{\"@id\":\"https:\\\/\\\/montevideocitytorque.com\\\/#organization\"},\"image\":{\"@id\":\"https:\\\/\\\/montevideocitytorque.com\\\/2021\\\/03\\\/festejamos-el-dia-mundial-del-sindrome-de-down\\\/#primaryimage\"},\"thumbnailUrl\":\"https:\\\/\\\/montevideocitytorque.com\\\/wp-content\\\/uploads\\\/2021\\\/03\\\/DISDD-1.jpeg\",\"articleSection\":[\"Noticias\"],\"inLanguage\":\"en-GB\",\"potentialAction\":[{\"@type\":\"CommentAction\",\"name\":\"Comment\",\"target\":[\"https:\\\/\\\/montevideocitytorque.com\\\/2021\\\/03\\\/festejamos-el-dia-mundial-del-sindrome-de-down\\\/#respond\"]}]},{\"@type\":\"WebPage\",\"@id\":\"https:\\\/\\\/montevideocitytorque.com\\\/2021\\\/03\\\/festejamos-el-dia-mundial-del-sindrome-de-down\\\/\",\"url\":\"https:\\\/\\\/montevideocitytorque.com\\\/2021\\\/03\\\/festejamos-el-dia-mundial-del-sindrome-de-down\\\/\",\"name\":\"\u00a1Festejamos el D\u00eda Mundial del S\u00edndrome de Down! &#8226; Montevideo City Torque\",\"isPartOf\":{\"@id\":\"https:\\\/\\\/montevideocitytorque.com\\\/#website\"},\"primaryImageOfPage\":{\"@id\":\"https:\\\/\\\/montevideocitytorque.com\\\/2021\\\/03\\\/festejamos-el-dia-mundial-del-sindrome-de-down\\\/#primaryimage\"},\"image\":{\"@id\":\"https:\\\/\\\/montevideocitytorque.com\\\/2021\\\/03\\\/festejamos-el-dia-mundial-del-sindrome-de-down\\\/#primaryimage\"},\"thumbnailUrl\":\"https:\\\/\\\/montevideocitytorque.com\\\/wp-content\\\/uploads\\\/2021\\\/03\\\/DISDD-1.jpeg\",\"datePublished\":\"2021-03-23T22:08:56+00:00\",\"dateModified\":\"2021-03-23T22:08:57+00:00\",\"breadcrumb\":{\"@id\":\"https:\\\/\\\/montevideocitytorque.com\\\/2021\\\/03\\\/festejamos-el-dia-mundial-del-sindrome-de-down\\\/#breadcrumb\"},\"inLanguage\":\"en-GB\",\"potentialAction\":[{\"@type\":\"ReadAction\",\"target\":[\"https:\\\/\\\/montevideocitytorque.com\\\/2021\\\/03\\\/festejamos-el-dia-mundial-del-sindrome-de-down\\\/\"]}]},{\"@type\":\"ImageObject\",\"inLanguage\":\"en-GB\",\"@id\":\"https:\\\/\\\/montevideocitytorque.com\\\/2021\\\/03\\\/festejamos-el-dia-mundial-del-sindrome-de-down\\\/#primaryimage\",\"url\":\"https:\\\/\\\/montevideocitytorque.com\\\/wp-content\\\/uploads\\\/2021\\\/03\\\/DISDD-1.jpeg\",\"contentUrl\":\"https:\\\/\\\/montevideocitytorque.com\\\/wp-content\\\/uploads\\\/2021\\\/03\\\/DISDD-1.jpeg\",\"width\":\"1024\",\"height\":\"681\"},{\"@type\":\"BreadcrumbList\",\"@id\":\"https:\\\/\\\/montevideocitytorque.com\\\/2021\\\/03\\\/festejamos-el-dia-mundial-del-sindrome-de-down\\\/#breadcrumb\",\"itemListElement\":[{\"@type\":\"ListItem\",\"position\":1,\"name\":\"Home\",\"item\":\"https:\\\/\\\/montevideocitytorque.com\\\/\"},{\"@type\":\"ListItem\",\"position\":2,\"name\":\"\u00a1Festejamos el D\u00eda Mundial del S\u00edndrome de Down!\"}]},{\"@type\":\"WebSite\",\"@id\":\"https:\\\/\\\/montevideocitytorque.com\\\/#website\",\"url\":\"https:\\\/\\\/montevideocitytorque.com\\\/\",\"name\":\"Montevideo City Torque\",\"description\":\"\",\"publisher\":{\"@id\":\"https:\\\/\\\/montevideocitytorque.com\\\/#organization\"},\"potentialAction\":[{\"@type\":\"SearchAction\",\"target\":{\"@type\":\"EntryPoint\",\"urlTemplate\":\"https:\\\/\\\/montevideocitytorque.com\\\/?s={search_term_string}\"},\"query-input\":{\"@type\":\"PropertyValueSpecification\",\"valueRequired\":true,\"valueName\":\"search_term_string\"}}],\"inLanguage\":\"en-GB\"},{\"@type\":\"Organization\",\"@id\":\"https:\\\/\\\/montevideocitytorque.com\\\/#organization\",\"name\":\"Montevideo City Torque\",\"url\":\"https:\\\/\\\/montevideocitytorque.com\\\/\",\"logo\":{\"@type\":\"ImageObject\",\"inLanguage\":\"en-GB\",\"@id\":\"https:\\\/\\\/montevideocitytorque.com\\\/#\\\/schema\\\/logo\\\/image\\\/\",\"url\":\"https:\\\/\\\/63s6d1.a2cdn1.secureserver.net\\\/wp-content\\\/uploads\\\/2020\\\/01\\\/escudo-1.png?time=1681308104\",\"contentUrl\":\"https:\\\/\\\/63s6d1.a2cdn1.secureserver.net\\\/wp-content\\\/uploads\\\/2020\\\/01\\\/escudo-1.png?time=1681308104\",\"width\":473,\"height\":473,\"caption\":\"Montevideo City Torque\"},\"image\":{\"@id\":\"https:\\\/\\\/montevideocitytorque.com\\\/#\\\/schema\\\/logo\\\/image\\\/\"},\"sameAs\":[\"https:\\\/\\\/www.facebook.com\\\/mvdcitytorque\",\"https:\\\/\\\/x.com\\\/mvdcitytorque\"]},{\"@type\":\"Person\",\"@id\":\"https:\\\/\\\/montevideocitytorque.com\\\/#\\\/schema\\\/person\\\/8ea07b5e5f3eb723c9085a560146eb75\",\"name\":\"Olivera Manuel\"}]}<\/script>\n<!-- \/ Yoast SEO plugin. -->","yoast_head_json":{"title":"\u00a1Festejamos el D\u00eda Mundial del S\u00edndrome de Down! &#8226; Montevideo City Torque","robots":{"index":"index","follow":"follow","max-snippet":"max-snippet:-1","max-image-preview":"max-image-preview:large","max-video-preview":"max-video-preview:-1"},"canonical":"https:\/\/montevideocitytorque.com\/en\/2021\/03\/festejamos-el-dia-mundial-del-sindrome-de-down\/","og_locale":"en_GB","og_type":"article","og_title":"\u00a1Festejamos el D\u00eda Mundial del S\u00edndrome de Down! &#8226; Montevideo City Torque","og_description":"\u00a1Festejamos el D\u00eda Mundial del S\u00edndrome de Down! El domingo pasado recibimos en la Montevideo City Football Academy a nuestros [\u2026]","og_url":"https:\/\/montevideocitytorque.com\/en\/2021\/03\/festejamos-el-dia-mundial-del-sindrome-de-down\/","og_site_name":"Montevideo City Torque","article_publisher":"https:\/\/www.facebook.com\/mvdcitytorque","article_published_time":"2021-03-23T22:08:56+00:00","article_modified_time":"2021-03-23T22:08:57+00:00","og_image":[{"width":1024,"height":681,"url":"https:\/\/63s6d1.a2cdn1.secureserver.net\/wp-content\/uploads\/2021\/03\/DISDD-1.jpeg?time=1732027240","type":"image\/jpeg"}],"author":"Olivera Manuel","twitter_card":"summary_large_image","twitter_creator":"@mvdcitytorque","twitter_site":"@mvdcitytorque","twitter_misc":{"Written by":"Olivera Manuel","Estimated reading time":"2 minutes"},"schema":{"@context":"https:\/\/schema.org","@graph":[{"@type":"Article","@id":"https:\/\/montevideocitytorque.com\/2021\/03\/festejamos-el-dia-mundial-del-sindrome-de-down\/#article","isPartOf":{"@id":"https:\/\/montevideocitytorque.com\/2021\/03\/festejamos-el-dia-mundial-del-sindrome-de-down\/"},"author":{"name":"Olivera Manuel","@id":"https:\/\/montevideocitytorque.com\/#\/schema\/person\/8ea07b5e5f3eb723c9085a560146eb75"},"headline":"\u00a1Festejamos el D\u00eda Mundial del S\u00edndrome de Down!","datePublished":"2021-03-23T22:08:56+00:00","dateModified":"2021-03-23T22:08:57+00:00","mainEntityOfPage":{"@id":"https:\/\/montevideocitytorque.com\/2021\/03\/festejamos-el-dia-mundial-del-sindrome-de-down\/"},"wordCount":132,"commentCount":0,"publisher":{"@id":"https:\/\/montevideocitytorque.com\/#organization"},"image":{"@id":"https:\/\/montevideocitytorque.com\/2021\/03\/festejamos-el-dia-mundial-del-sindrome-de-down\/#primaryimage"},"thumbnailUrl":"https:\/\/montevideocitytorque.com\/wp-content\/uploads\/2021\/03\/DISDD-1.jpeg","articleSection":["Noticias"],"inLanguage":"en-GB","potentialAction":[{"@type":"CommentAction","name":"Comment","target":["https:\/\/montevideocitytorque.com\/2021\/03\/festejamos-el-dia-mundial-del-sindrome-de-down\/#respond"]}]},{"@type":"WebPage","@id":"https:\/\/montevideocitytorque.com\/2021\/03\/festejamos-el-dia-mundial-del-sindrome-de-down\/","url":"https:\/\/montevideocitytorque.com\/2021\/03\/festejamos-el-dia-mundial-del-sindrome-de-down\/","name":"\u00a1Festejamos el D\u00eda Mundial del S\u00edndrome de Down! &#8226; Montevideo City Torque","isPartOf":{"@id":"https:\/\/montevideocitytorque.com\/#website"},"primaryImageOfPage":{"@id":"https:\/\/montevideocitytorque.com\/2021\/03\/festejamos-el-dia-mundial-del-sindrome-de-down\/#primaryimage"},"image":{"@id":"https:\/\/montevideocitytorque.com\/2021\/03\/festejamos-el-dia-mundial-del-sindrome-de-down\/#primaryimage"},"thumbnailUrl":"https:\/\/montevideocitytorque.com\/wp-content\/uploads\/2021\/03\/DISDD-1.jpeg","datePublished":"2021-03-23T22:08:56+00:00","dateModified":"2021-03-23T22:08:57+00:00","breadcrumb":{"@id":"https:\/\/montevideocitytorque.com\/2021\/03\/festejamos-el-dia-mundial-del-sindrome-de-down\/#breadcrumb"},"inLanguage":"en-GB","potentialAction":[{"@type":"ReadAction","target":["https:\/\/montevideocitytorque.com\/2021\/03\/festejamos-el-dia-mundial-del-sindrome-de-down\/"]}]},{"@type":"ImageObject","inLanguage":"en-GB","@id":"https:\/\/montevideocitytorque.com\/2021\/03\/festejamos-el-dia-mundial-del-sindrome-de-down\/#primaryimage","url":"https:\/\/montevideocitytorque.com\/wp-content\/uploads\/2021\/03\/DISDD-1.jpeg","contentUrl":"https:\/\/montevideocitytorque.com\/wp-content\/uploads\/2021\/03\/DISDD-1.jpeg","width":"1024","height":"681"},{"@type":"BreadcrumbList","@id":"https:\/\/montevideocitytorque.com\/2021\/03\/festejamos-el-dia-mundial-del-sindrome-de-down\/#breadcrumb","itemListElement":[{"@type":"ListItem","position":1,"name":"Home","item":"https:\/\/montevideocitytorque.com\/"},{"@type":"ListItem","position":2,"name":"\u00a1Festejamos el D\u00eda Mundial del S\u00edndrome de Down!"}]},{"@type":"WebSite","@id":"https:\/\/montevideocitytorque.com\/#website","url":"https:\/\/montevideocitytorque.com\/","name":"Montevideo City Torque","description":"","publisher":{"@id":"https:\/\/montevideocitytorque.com\/#organization"},"potentialAction":[{"@type":"SearchAction","target":{"@type":"EntryPoint","urlTemplate":"https:\/\/montevideocitytorque.com\/?s={search_term_string}"},"query-input":{"@type":"PropertyValueSpecification","valueRequired":true,"valueName":"search_term_string"}}],"inLanguage":"en-GB"},{"@type":"Organization","@id":"https:\/\/montevideocitytorque.com\/#organization","name":"Montevideo City Torque","url":"https:\/\/montevideocitytorque.com\/","logo":{"@type":"ImageObject","inLanguage":"en-GB","@id":"https:\/\/montevideocitytorque.com\/#\/schema\/logo\/image\/","url":"https:\/\/63s6d1.a2cdn1.secureserver.net\/wp-content\/uploads\/2020\/01\/escudo-1.png?time=1681308104","contentUrl":"https:\/\/63s6d1.a2cdn1.secureserver.net\/wp-content\/uploads\/2020\/01\/escudo-1.png?time=1681308104","width":473,"height":473,"caption":"Montevideo City Torque"},"image":{"@id":"https:\/\/montevideocitytorque.com\/#\/schema\/logo\/image\/"},"sameAs":["https:\/\/www.facebook.com\/mvdcitytorque","https:\/\/x.com\/mvdcitytorque"]},{"@type":"Person","@id":"https:\/\/montevideocitytorque.com\/#\/schema\/person\/8ea07b5e5f3eb723c9085a560146eb75","name":"Olivera Manuel"}]}},"_links":{"self":[{"href":"https:\/\/montevideocitytorque.com\/en\/wp-json\/wp\/v2\/posts\/1023","targetHints":{"allow":["GET"]}}],"collection":[{"href":"https:\/\/montevideocitytorque.com\/en\/wp-json\/wp\/v2\/posts"}],"about":[{"href":"https:\/\/montevideocitytorque.com\/en\/wp-json\/wp\/v2\/types\/post"}],"author":[{"embeddable":true,"href":"https:\/\/montevideocitytorque.com\/en\/wp-json\/wp\/v2\/users\/5"}],"replies":[{"embeddable":true,"href":"https:\/\/montevideocitytorque.com\/en\/wp-json\/wp\/v2\/comments?post=1023"}],"version-history":[{"count":2,"href":"https:\/\/montevideocitytorque.com\/en\/wp-json\/wp\/v2\/posts\/1023\/revisions"}],"predecessor-version":[{"id":1029,"href":"https:\/\/montevideocitytorque.com\/en\/wp-json\/wp\/v2\/posts\/1023\/revisions\/1029"}],"wp:featuredmedia":[{"embeddable":true,"href":"https:\/\/montevideocitytorque.com\/en\/wp-json\/wp\/v2\/media\/1024"}],"wp:attachment":[{"href":"https:\/\/montevideocitytorque.com\/en\/wp-json\/wp\/v2\/media?parent=1023"}],"wp:term":[{"taxonomy":"category","embeddable":true,"href":"https:\/\/montevideocitytorque.com\/en\/wp-json\/wp\/v2\/categories?post=1023"},{"taxonomy":"post_tag","embeddable":true,"href":"https:\/\/montevideocitytorque.com\/en\/wp-json\/wp\/v2\/tags?post=1023"}],"curies":[{"name":"wp","href":"https:\/\/api.w.org\/{rel}","templated":true}]}}