{"id":1038,"date":"2021-03-23T22:08:40","date_gmt":"2021-03-23T22:08:40","guid":{"rendered":"https:\/\/montevideocitytorque.com\/?p=1038"},"modified":"2021-03-23T22:08:41","modified_gmt":"2021-03-23T22:08:41","slug":"alejandro-dominguez-visito-la-montevideo-city-football-academy","status":"publish","type":"post","link":"https:\/\/montevideocitytorque.com\/en\/2021\/03\/alejandro-dominguez-visito-la-montevideo-city-football-academy\/","title":{"rendered":"\u00a1Alejandro Dom\u00ednguez visit\u00f3 la Montevideo City Football Academy!"},"content":{"rendered":"<p class=\"has-large-font-size\">\u00a1Alejandro Dom\u00ednguez visit\u00f3 la Montevideo City Football Academy!<\/p>\n\n\n\n<p>El Sr. Presidente de CONMEBOL, Alejandro Dom\u00ednguez visit\u00f3 la nueva academia.<\/p>\n\n\n\n<p>\u00abHace 47 a\u00f1os que vengo a Uruguay. Me siento en familia en este pa\u00eds al que amo como si fuera mi\u00f3\u00bb<\/p>\n\n\n\n<p>\u00abEstoy contento de estar ac\u00e1, y agradecido a que me hayan invitado a un momento tan importante para Montevideo City Torque y para el f\u00fatbol uruguayo. Y felicitar por esta iniciativa que es un ejemplo para Sudam\u00e9rica y para el mundo. Esto es lo que uno&nbsp; quiere que se trabaje por y para el f\u00fatbol.&nbsp; Estoy seguro que estas instalaciones van a ser cuna para nuevas estrellas.<\/p>\n\n\n\n<p>\u201cEl proyecto de esta instituci\u00f3n que propone el futbol sobre todas las cosas. Hoy Uruguay est\u00e1 en los ojos del mundo porque una empresa como el Grupo City ha decidido invertir ac\u00e1 en este pa\u00eds con tanta tradici\u00f3n apostando a los valores del f\u00fatbol\u00bb.<\/p>\n\n\n\n<p>\u00abHay que mantener la picard\u00eda del futbolista sudamericano, pero con eso s\u00f3lo hoy no es suficiente. Hay que evolucionar, invertir y creer en grande con un objetivo. Uruguay debe proponerse volver a ser campe\u00f3n del mundo. No basta con clasificar. Hay que repetir lo que lograron las estrellas de otros tiempos con mucho menos posibilidades. Y lo consiguieron. Hoy hay que acompa\u00f1ar a nuestras estrellas con infraestructura. Hoy es momento de cambiar la cabeza\u00bb.<\/p>\n\n\n\n<p>\u00abCuando llegamos encontramos una Conmebol que se hab\u00eda olvidado del f\u00fatbol, con dirigentes que solo ten\u00edan un solo objetivo: el dinero. Hoy el presente es otro. Quisimos cambiar a la Confederaci\u00f3n\u00bb.<\/p>\n\n\n\n<p>\u00abPero trabajamos para volver y en ese tiempo pudimos asistir a las asociaciones ya los clubes con m\u00e1s de 95 millones de d\u00f3lares. Hemos recuperado plata robada y la hemos reinvertido en el f\u00fatbol. Recuperamos 55 millones robados por s\u00f3lo dos dirigentes\u00bb.<\/p>\n\n\n\n<figure class=\"wp-block-gallery columns-3 is-cropped wp-block-gallery-1 is-layout-flex wp-block-gallery-is-layout-flex\"><ul class=\"blocks-gallery-grid\"><li class=\"blocks-gallery-item\"><figure><img loading=\"lazy\" decoding=\"async\" width=\"682\" height=\"1024\" src=\"https:\/\/montevideocitytorque.com\/wp-content\/uploads\/2021\/03\/Dominguez-1-682x1024.jpeg\" alt=\"\" data-id=\"1040\" data-full-url=\"https:\/\/montevideocitytorque.com\/wp-content\/uploads\/2021\/03\/Dominguez-1.jpeg\" data-link=\"https:\/\/montevideocitytorque.com\/?attachment_id=1040\" class=\"wp-image-1040\" srcset=\"https:\/\/montevideocitytorque.com\/wp-content\/uploads\/2021\/03\/Dominguez-1-682x1024.jpeg 682w, https:\/\/montevideocitytorque.com\/wp-content\/uploads\/2021\/03\/Dominguez-1-200x300.jpeg 200w, https:\/\/montevideocitytorque.com\/wp-content\/uploads\/2021\/03\/Dominguez-1-768x1153.jpeg 768w, https:\/\/montevideocitytorque.com\/wp-content\/uploads\/2021\/03\/Dominguez-1-1023x1536.jpeg 1023w, https:\/\/montevideocitytorque.com\/wp-content\/uploads\/2021\/03\/Dominguez-1-97x146.jpeg 97w, https:\/\/montevideocitytorque.com\/wp-content\/uploads\/2021\/03\/Dominguez-1-33x50.jpeg 33w, https:\/\/montevideocitytorque.com\/wp-content\/uploads\/2021\/03\/Dominguez-1-50x75.jpeg 50w, https:\/\/montevideocitytorque.com\/wp-content\/uploads\/2021\/03\/Dominguez-1.jpeg 1066w\" sizes=\"auto, (max-width:767px) 480px, 682px\" \/><\/figure><\/li><li class=\"blocks-gallery-item\"><figure><img loading=\"lazy\" decoding=\"async\" width=\"1024\" height=\"682\" src=\"https:\/\/montevideocitytorque.com\/wp-content\/uploads\/2021\/03\/Dominguez-2-1024x682.jpeg\" alt=\"\" data-id=\"1041\" data-full-url=\"https:\/\/montevideocitytorque.com\/wp-content\/uploads\/2021\/03\/Dominguez-2.jpeg\" data-link=\"https:\/\/montevideocitytorque.com\/?attachment_id=1041\" class=\"wp-image-1041\" srcset=\"https:\/\/montevideocitytorque.com\/wp-content\/uploads\/2021\/03\/Dominguez-2-1024x682.jpeg 1024w, https:\/\/montevideocitytorque.com\/wp-content\/uploads\/2021\/03\/Dominguez-2-300x200.jpeg 300w, https:\/\/montevideocitytorque.com\/wp-content\/uploads\/2021\/03\/Dominguez-2-768x512.jpeg 768w, https:\/\/montevideocitytorque.com\/wp-content\/uploads\/2021\/03\/Dominguez-2-1536x1023.jpeg 1536w, https:\/\/montevideocitytorque.com\/wp-content\/uploads\/2021\/03\/Dominguez-2-219x146.jpeg 219w, https:\/\/montevideocitytorque.com\/wp-content\/uploads\/2021\/03\/Dominguez-2-50x33.jpeg 50w, https:\/\/montevideocitytorque.com\/wp-content\/uploads\/2021\/03\/Dominguez-2-113x75.jpeg 113w, https:\/\/montevideocitytorque.com\/wp-content\/uploads\/2021\/03\/Dominguez-2.jpeg 1600w\" sizes=\"auto, (max-width:767px) 480px, (max-width:1024px) 100vw, 1024px\" \/><\/figure><\/li><li class=\"blocks-gallery-item\"><figure><img loading=\"lazy\" decoding=\"async\" width=\"1024\" height=\"682\" src=\"https:\/\/montevideocitytorque.com\/wp-content\/uploads\/2021\/03\/Dominguez-3-1-1024x682.jpeg\" alt=\"\" data-id=\"1042\" data-full-url=\"https:\/\/montevideocitytorque.com\/wp-content\/uploads\/2021\/03\/Dominguez-3-1.jpeg\" data-link=\"https:\/\/montevideocitytorque.com\/?attachment_id=1042\" class=\"wp-image-1042\" srcset=\"https:\/\/montevideocitytorque.com\/wp-content\/uploads\/2021\/03\/Dominguez-3-1-1024x682.jpeg 1024w, https:\/\/montevideocitytorque.com\/wp-content\/uploads\/2021\/03\/Dominguez-3-1-300x200.jpeg 300w, https:\/\/montevideocitytorque.com\/wp-content\/uploads\/2021\/03\/Dominguez-3-1-768x512.jpeg 768w, https:\/\/montevideocitytorque.com\/wp-content\/uploads\/2021\/03\/Dominguez-3-1-1536x1023.jpeg 1536w, https:\/\/montevideocitytorque.com\/wp-content\/uploads\/2021\/03\/Dominguez-3-1-219x146.jpeg 219w, https:\/\/montevideocitytorque.com\/wp-content\/uploads\/2021\/03\/Dominguez-3-1-50x33.jpeg 50w, https:\/\/montevideocitytorque.com\/wp-content\/uploads\/2021\/03\/Dominguez-3-1-113x75.jpeg 113w, https:\/\/montevideocitytorque.com\/wp-content\/uploads\/2021\/03\/Dominguez-3-1.jpeg 1600w\" sizes=\"auto, (max-width:767px) 480px, (max-width:1024px) 100vw, 1024px\" \/><\/figure><\/li><\/ul><\/figure>","protected":false},"excerpt":{"rendered":"<p>\u00a1Alejandro Dom\u00ednguez visit\u00f3 la Montevideo City Football Academy! El Sr. Presidente de CONMEBOL, Alejandro Dom\u00ednguez visit\u00f3 la nueva academia. \u00abHace<span class=\"excerpt-hellip\"> [\u2026]<\/span><\/p>\n","protected":false},"author":5,"featured_media":1039,"comment_status":"open","ping_status":"open","sticky":false,"template":"","format":"standard","meta":{"rop_custom_images_group":[],"rop_custom_messages_group":[],"rop_publish_now":"initial","rop_publish_now_accounts":[],"rop_publish_now_history":[],"rop_publish_now_status":"pending","_monsterinsights_skip_tracking":false,"_monsterinsights_sitenote_active":false,"_monsterinsights_sitenote_note":"","_monsterinsights_sitenote_category":0,"footnotes":""},"categories":[11],"tags":[],"class_list":["post-1038","post","type-post","status-publish","format-standard","has-post-thumbnail","hentry","category-noticias"],"yoast_head":"<!-- This site is optimized with the Yoast SEO plugin v27.5 - https:\/\/yoast.com\/product\/yoast-seo-wordpress\/ -->\n<title>\u00a1Alejandro Dom\u00ednguez visit\u00f3 la Montevideo City Football Academy! &#8226; Montevideo City Torque<\/title>\n<meta name=\"robots\" content=\"index, follow, max-snippet:-1, max-image-preview:large, max-video-preview:-1\" \/>\n<link rel=\"canonical\" href=\"https:\/\/montevideocitytorque.com\/en\/2021\/03\/alejandro-dominguez-visito-la-montevideo-city-football-academy\/\" \/>\n<meta property=\"og:locale\" content=\"en_GB\" \/>\n<meta property=\"og:type\" content=\"article\" \/>\n<meta property=\"og:title\" content=\"\u00a1Alejandro Dom\u00ednguez visit\u00f3 la Montevideo City Football Academy! &#8226; Montevideo City Torque\" \/>\n<meta property=\"og:description\" content=\"\u00a1Alejandro Dom\u00ednguez visit\u00f3 la Montevideo City Football Academy! El Sr. Presidente de CONMEBOL, Alejandro Dom\u00ednguez visit\u00f3 la nueva academia. \u00abHace [\u2026]\" \/>\n<meta property=\"og:url\" content=\"https:\/\/montevideocitytorque.com\/en\/2021\/03\/alejandro-dominguez-visito-la-montevideo-city-football-academy\/\" \/>\n<meta property=\"og:site_name\" content=\"Montevideo City Torque\" \/>\n<meta property=\"article:publisher\" content=\"https:\/\/www.facebook.com\/mvdcitytorque\" \/>\n<meta property=\"article:published_time\" content=\"2021-03-23T22:08:40+00:00\" \/>\n<meta property=\"article:modified_time\" content=\"2021-03-23T22:08:41+00:00\" \/>\n<meta property=\"og:image\" content=\"https:\/\/63s6d1.a2cdn1.secureserver.net\/wp-content\/uploads\/2021\/03\/Dominguez-3.jpeg?time=1732027240\" \/>\n\t<meta property=\"og:image:width\" content=\"1600\" \/>\n\t<meta property=\"og:image:height\" content=\"1066\" \/>\n\t<meta property=\"og:image:type\" content=\"image\/jpeg\" \/>\n<meta name=\"author\" content=\"Olivera Manuel\" \/>\n<meta name=\"twitter:card\" content=\"summary_large_image\" \/>\n<meta name=\"twitter:creator\" content=\"@mvdcitytorque\" \/>\n<meta name=\"twitter:site\" content=\"@mvdcitytorque\" \/>\n<meta name=\"twitter:label1\" content=\"Written by\" \/>\n\t<meta name=\"twitter:data1\" content=\"Olivera Manuel\" \/>\n\t<meta name=\"twitter:label2\" content=\"Estimated reading time\" \/>\n\t<meta name=\"twitter:data2\" content=\"2 minutes\" \/>\n<script type=\"application\/ld+json\" class=\"yoast-schema-graph\">{\"@context\":\"https:\\\/\\\/schema.org\",\"@graph\":[{\"@type\":\"Article\",\"@id\":\"https:\\\/\\\/montevideocitytorque.com\\\/2021\\\/03\\\/alejandro-dominguez-visito-la-montevideo-city-football-academy\\\/#article\",\"isPartOf\":{\"@id\":\"https:\\\/\\\/montevideocitytorque.com\\\/2021\\\/03\\\/alejandro-dominguez-visito-la-montevideo-city-football-academy\\\/\"},\"author\":{\"name\":\"Olivera Manuel\",\"@id\":\"https:\\\/\\\/montevideocitytorque.com\\\/#\\\/schema\\\/person\\\/8ea07b5e5f3eb723c9085a560146eb75\"},\"headline\":\"\u00a1Alejandro Dom\u00ednguez visit\u00f3 la Montevideo City Football Academy!\",\"datePublished\":\"2021-03-23T22:08:40+00:00\",\"dateModified\":\"2021-03-23T22:08:41+00:00\",\"mainEntityOfPage\":{\"@id\":\"https:\\\/\\\/montevideocitytorque.com\\\/2021\\\/03\\\/alejandro-dominguez-visito-la-montevideo-city-football-academy\\\/\"},\"wordCount\":329,\"commentCount\":0,\"publisher\":{\"@id\":\"https:\\\/\\\/montevideocitytorque.com\\\/#organization\"},\"image\":{\"@id\":\"https:\\\/\\\/montevideocitytorque.com\\\/2021\\\/03\\\/alejandro-dominguez-visito-la-montevideo-city-football-academy\\\/#primaryimage\"},\"thumbnailUrl\":\"https:\\\/\\\/montevideocitytorque.com\\\/wp-content\\\/uploads\\\/2021\\\/03\\\/Dominguez-3.jpeg\",\"articleSection\":[\"Noticias\"],\"inLanguage\":\"en-GB\",\"potentialAction\":[{\"@type\":\"CommentAction\",\"name\":\"Comment\",\"target\":[\"https:\\\/\\\/montevideocitytorque.com\\\/2021\\\/03\\\/alejandro-dominguez-visito-la-montevideo-city-football-academy\\\/#respond\"]}]},{\"@type\":\"WebPage\",\"@id\":\"https:\\\/\\\/montevideocitytorque.com\\\/2021\\\/03\\\/alejandro-dominguez-visito-la-montevideo-city-football-academy\\\/\",\"url\":\"https:\\\/\\\/montevideocitytorque.com\\\/2021\\\/03\\\/alejandro-dominguez-visito-la-montevideo-city-football-academy\\\/\",\"name\":\"\u00a1Alejandro Dom\u00ednguez visit\u00f3 la Montevideo City Football Academy! &#8226; Montevideo City Torque\",\"isPartOf\":{\"@id\":\"https:\\\/\\\/montevideocitytorque.com\\\/#website\"},\"primaryImageOfPage\":{\"@id\":\"https:\\\/\\\/montevideocitytorque.com\\\/2021\\\/03\\\/alejandro-dominguez-visito-la-montevideo-city-football-academy\\\/#primaryimage\"},\"image\":{\"@id\":\"https:\\\/\\\/montevideocitytorque.com\\\/2021\\\/03\\\/alejandro-dominguez-visito-la-montevideo-city-football-academy\\\/#primaryimage\"},\"thumbnailUrl\":\"https:\\\/\\\/montevideocitytorque.com\\\/wp-content\\\/uploads\\\/2021\\\/03\\\/Dominguez-3.jpeg\",\"datePublished\":\"2021-03-23T22:08:40+00:00\",\"dateModified\":\"2021-03-23T22:08:41+00:00\",\"breadcrumb\":{\"@id\":\"https:\\\/\\\/montevideocitytorque.com\\\/2021\\\/03\\\/alejandro-dominguez-visito-la-montevideo-city-football-academy\\\/#breadcrumb\"},\"inLanguage\":\"en-GB\",\"potentialAction\":[{\"@type\":\"ReadAction\",\"target\":[\"https:\\\/\\\/montevideocitytorque.com\\\/2021\\\/03\\\/alejandro-dominguez-visito-la-montevideo-city-football-academy\\\/\"]}]},{\"@type\":\"ImageObject\",\"inLanguage\":\"en-GB\",\"@id\":\"https:\\\/\\\/montevideocitytorque.com\\\/2021\\\/03\\\/alejandro-dominguez-visito-la-montevideo-city-football-academy\\\/#primaryimage\",\"url\":\"https:\\\/\\\/montevideocitytorque.com\\\/wp-content\\\/uploads\\\/2021\\\/03\\\/Dominguez-3.jpeg\",\"contentUrl\":\"https:\\\/\\\/montevideocitytorque.com\\\/wp-content\\\/uploads\\\/2021\\\/03\\\/Dominguez-3.jpeg\",\"width\":\"1600\",\"height\":\"1066\"},{\"@type\":\"BreadcrumbList\",\"@id\":\"https:\\\/\\\/montevideocitytorque.com\\\/2021\\\/03\\\/alejandro-dominguez-visito-la-montevideo-city-football-academy\\\/#breadcrumb\",\"itemListElement\":[{\"@type\":\"ListItem\",\"position\":1,\"name\":\"Home\",\"item\":\"https:\\\/\\\/montevideocitytorque.com\\\/\"},{\"@type\":\"ListItem\",\"position\":2,\"name\":\"\u00a1Alejandro Dom\u00ednguez visit\u00f3 la Montevideo City Football Academy!\"}]},{\"@type\":\"WebSite\",\"@id\":\"https:\\\/\\\/montevideocitytorque.com\\\/#website\",\"url\":\"https:\\\/\\\/montevideocitytorque.com\\\/\",\"name\":\"Montevideo City Torque\",\"description\":\"\",\"publisher\":{\"@id\":\"https:\\\/\\\/montevideocitytorque.com\\\/#organization\"},\"potentialAction\":[{\"@type\":\"SearchAction\",\"target\":{\"@type\":\"EntryPoint\",\"urlTemplate\":\"https:\\\/\\\/montevideocitytorque.com\\\/?s={search_term_string}\"},\"query-input\":{\"@type\":\"PropertyValueSpecification\",\"valueRequired\":true,\"valueName\":\"search_term_string\"}}],\"inLanguage\":\"en-GB\"},{\"@type\":\"Organization\",\"@id\":\"https:\\\/\\\/montevideocitytorque.com\\\/#organization\",\"name\":\"Montevideo City Torque\",\"url\":\"https:\\\/\\\/montevideocitytorque.com\\\/\",\"logo\":{\"@type\":\"ImageObject\",\"inLanguage\":\"en-GB\",\"@id\":\"https:\\\/\\\/montevideocitytorque.com\\\/#\\\/schema\\\/logo\\\/image\\\/\",\"url\":\"https:\\\/\\\/63s6d1.a2cdn1.secureserver.net\\\/wp-content\\\/uploads\\\/2020\\\/01\\\/escudo-1.png?time=1681308104\",\"contentUrl\":\"https:\\\/\\\/63s6d1.a2cdn1.secureserver.net\\\/wp-content\\\/uploads\\\/2020\\\/01\\\/escudo-1.png?time=1681308104\",\"width\":473,\"height\":473,\"caption\":\"Montevideo City Torque\"},\"image\":{\"@id\":\"https:\\\/\\\/montevideocitytorque.com\\\/#\\\/schema\\\/logo\\\/image\\\/\"},\"sameAs\":[\"https:\\\/\\\/www.facebook.com\\\/mvdcitytorque\",\"https:\\\/\\\/x.com\\\/mvdcitytorque\"]},{\"@type\":\"Person\",\"@id\":\"https:\\\/\\\/montevideocitytorque.com\\\/#\\\/schema\\\/person\\\/8ea07b5e5f3eb723c9085a560146eb75\",\"name\":\"Olivera Manuel\"}]}<\/script>\n<!-- \/ Yoast SEO plugin. -->","yoast_head_json":{"title":"\u00a1Alejandro Dom\u00ednguez visit\u00f3 la Montevideo City Football Academy! &#8226; Montevideo City Torque","robots":{"index":"index","follow":"follow","max-snippet":"max-snippet:-1","max-image-preview":"max-image-preview:large","max-video-preview":"max-video-preview:-1"},"canonical":"https:\/\/montevideocitytorque.com\/en\/2021\/03\/alejandro-dominguez-visito-la-montevideo-city-football-academy\/","og_locale":"en_GB","og_type":"article","og_title":"\u00a1Alejandro Dom\u00ednguez visit\u00f3 la Montevideo City Football Academy! &#8226; Montevideo City Torque","og_description":"\u00a1Alejandro Dom\u00ednguez visit\u00f3 la Montevideo City Football Academy! El Sr. Presidente de CONMEBOL, Alejandro Dom\u00ednguez visit\u00f3 la nueva academia. \u00abHace [\u2026]","og_url":"https:\/\/montevideocitytorque.com\/en\/2021\/03\/alejandro-dominguez-visito-la-montevideo-city-football-academy\/","og_site_name":"Montevideo City Torque","article_publisher":"https:\/\/www.facebook.com\/mvdcitytorque","article_published_time":"2021-03-23T22:08:40+00:00","article_modified_time":"2021-03-23T22:08:41+00:00","og_image":[{"width":1600,"height":1066,"url":"https:\/\/63s6d1.a2cdn1.secureserver.net\/wp-content\/uploads\/2021\/03\/Dominguez-3.jpeg?time=1732027240","type":"image\/jpeg"}],"author":"Olivera Manuel","twitter_card":"summary_large_image","twitter_creator":"@mvdcitytorque","twitter_site":"@mvdcitytorque","twitter_misc":{"Written by":"Olivera Manuel","Estimated reading time":"2 minutes"},"schema":{"@context":"https:\/\/schema.org","@graph":[{"@type":"Article","@id":"https:\/\/montevideocitytorque.com\/2021\/03\/alejandro-dominguez-visito-la-montevideo-city-football-academy\/#article","isPartOf":{"@id":"https:\/\/montevideocitytorque.com\/2021\/03\/alejandro-dominguez-visito-la-montevideo-city-football-academy\/"},"author":{"name":"Olivera Manuel","@id":"https:\/\/montevideocitytorque.com\/#\/schema\/person\/8ea07b5e5f3eb723c9085a560146eb75"},"headline":"\u00a1Alejandro Dom\u00ednguez visit\u00f3 la Montevideo City Football Academy!","datePublished":"2021-03-23T22:08:40+00:00","dateModified":"2021-03-23T22:08:41+00:00","mainEntityOfPage":{"@id":"https:\/\/montevideocitytorque.com\/2021\/03\/alejandro-dominguez-visito-la-montevideo-city-football-academy\/"},"wordCount":329,"commentCount":0,"publisher":{"@id":"https:\/\/montevideocitytorque.com\/#organization"},"image":{"@id":"https:\/\/montevideocitytorque.com\/2021\/03\/alejandro-dominguez-visito-la-montevideo-city-football-academy\/#primaryimage"},"thumbnailUrl":"https:\/\/montevideocitytorque.com\/wp-content\/uploads\/2021\/03\/Dominguez-3.jpeg","articleSection":["Noticias"],"inLanguage":"en-GB","potentialAction":[{"@type":"CommentAction","name":"Comment","target":["https:\/\/montevideocitytorque.com\/2021\/03\/alejandro-dominguez-visito-la-montevideo-city-football-academy\/#respond"]}]},{"@type":"WebPage","@id":"https:\/\/montevideocitytorque.com\/2021\/03\/alejandro-dominguez-visito-la-montevideo-city-football-academy\/","url":"https:\/\/montevideocitytorque.com\/2021\/03\/alejandro-dominguez-visito-la-montevideo-city-football-academy\/","name":"\u00a1Alejandro Dom\u00ednguez visit\u00f3 la Montevideo City Football Academy! &#8226; Montevideo City Torque","isPartOf":{"@id":"https:\/\/montevideocitytorque.com\/#website"},"primaryImageOfPage":{"@id":"https:\/\/montevideocitytorque.com\/2021\/03\/alejandro-dominguez-visito-la-montevideo-city-football-academy\/#primaryimage"},"image":{"@id":"https:\/\/montevideocitytorque.com\/2021\/03\/alejandro-dominguez-visito-la-montevideo-city-football-academy\/#primaryimage"},"thumbnailUrl":"https:\/\/montevideocitytorque.com\/wp-content\/uploads\/2021\/03\/Dominguez-3.jpeg","datePublished":"2021-03-23T22:08:40+00:00","dateModified":"2021-03-23T22:08:41+00:00","breadcrumb":{"@id":"https:\/\/montevideocitytorque.com\/2021\/03\/alejandro-dominguez-visito-la-montevideo-city-football-academy\/#breadcrumb"},"inLanguage":"en-GB","potentialAction":[{"@type":"ReadAction","target":["https:\/\/montevideocitytorque.com\/2021\/03\/alejandro-dominguez-visito-la-montevideo-city-football-academy\/"]}]},{"@type":"ImageObject","inLanguage":"en-GB","@id":"https:\/\/montevideocitytorque.com\/2021\/03\/alejandro-dominguez-visito-la-montevideo-city-football-academy\/#primaryimage","url":"https:\/\/montevideocitytorque.com\/wp-content\/uploads\/2021\/03\/Dominguez-3.jpeg","contentUrl":"https:\/\/montevideocitytorque.com\/wp-content\/uploads\/2021\/03\/Dominguez-3.jpeg","width":"1600","height":"1066"},{"@type":"BreadcrumbList","@id":"https:\/\/montevideocitytorque.com\/2021\/03\/alejandro-dominguez-visito-la-montevideo-city-football-academy\/#breadcrumb","itemListElement":[{"@type":"ListItem","position":1,"name":"Home","item":"https:\/\/montevideocitytorque.com\/"},{"@type":"ListItem","position":2,"name":"\u00a1Alejandro Dom\u00ednguez visit\u00f3 la Montevideo City Football Academy!"}]},{"@type":"WebSite","@id":"https:\/\/montevideocitytorque.com\/#website","url":"https:\/\/montevideocitytorque.com\/","name":"Montevideo City Torque","description":"","publisher":{"@id":"https:\/\/montevideocitytorque.com\/#organization"},"potentialAction":[{"@type":"SearchAction","target":{"@type":"EntryPoint","urlTemplate":"https:\/\/montevideocitytorque.com\/?s={search_term_string}"},"query-input":{"@type":"PropertyValueSpecification","valueRequired":true,"valueName":"search_term_string"}}],"inLanguage":"en-GB"},{"@type":"Organization","@id":"https:\/\/montevideocitytorque.com\/#organization","name":"Montevideo City Torque","url":"https:\/\/montevideocitytorque.com\/","logo":{"@type":"ImageObject","inLanguage":"en-GB","@id":"https:\/\/montevideocitytorque.com\/#\/schema\/logo\/image\/","url":"https:\/\/63s6d1.a2cdn1.secureserver.net\/wp-content\/uploads\/2020\/01\/escudo-1.png?time=1681308104","contentUrl":"https:\/\/63s6d1.a2cdn1.secureserver.net\/wp-content\/uploads\/2020\/01\/escudo-1.png?time=1681308104","width":473,"height":473,"caption":"Montevideo City Torque"},"image":{"@id":"https:\/\/montevideocitytorque.com\/#\/schema\/logo\/image\/"},"sameAs":["https:\/\/www.facebook.com\/mvdcitytorque","https:\/\/x.com\/mvdcitytorque"]},{"@type":"Person","@id":"https:\/\/montevideocitytorque.com\/#\/schema\/person\/8ea07b5e5f3eb723c9085a560146eb75","name":"Olivera Manuel"}]}},"_links":{"self":[{"href":"https:\/\/montevideocitytorque.com\/en\/wp-json\/wp\/v2\/posts\/1038","targetHints":{"allow":["GET"]}}],"collection":[{"href":"https:\/\/montevideocitytorque.com\/en\/wp-json\/wp\/v2\/posts"}],"about":[{"href":"https:\/\/montevideocitytorque.com\/en\/wp-json\/wp\/v2\/types\/post"}],"author":[{"embeddable":true,"href":"https:\/\/montevideocitytorque.com\/en\/wp-json\/wp\/v2\/users\/5"}],"replies":[{"embeddable":true,"href":"https:\/\/montevideocitytorque.com\/en\/wp-json\/wp\/v2\/comments?post=1038"}],"version-history":[{"count":1,"href":"https:\/\/montevideocitytorque.com\/en\/wp-json\/wp\/v2\/posts\/1038\/revisions"}],"predecessor-version":[{"id":1048,"href":"https:\/\/montevideocitytorque.com\/en\/wp-json\/wp\/v2\/posts\/1038\/revisions\/1048"}],"wp:featuredmedia":[{"embeddable":true,"href":"https:\/\/montevideocitytorque.com\/en\/wp-json\/wp\/v2\/media\/1039"}],"wp:attachment":[{"href":"https:\/\/montevideocitytorque.com\/en\/wp-json\/wp\/v2\/media?parent=1038"}],"wp:term":[{"taxonomy":"category","embeddable":true,"href":"https:\/\/montevideocitytorque.com\/en\/wp-json\/wp\/v2\/categories?post=1038"},{"taxonomy":"post_tag","embeddable":true,"href":"https:\/\/montevideocitytorque.com\/en\/wp-json\/wp\/v2\/tags?post=1038"}],"curies":[{"name":"wp","href":"https:\/\/api.w.org\/{rel}","templated":true}]}}