{"id":1768,"date":"2022-07-19T19:16:45","date_gmt":"2022-07-19T19:16:45","guid":{"rendered":"https:\/\/montevideocitytorque.com\/?p=1768"},"modified":"2022-07-19T19:16:52","modified_gmt":"2022-07-19T19:16:52","slug":"comunicado-oficial-natanael-guzman-y-joaquin-zeballos","status":"publish","type":"post","link":"https:\/\/montevideocitytorque.com\/en\/2022\/07\/comunicado-oficial-natanael-guzman-y-joaquin-zeballos\/","title":{"rendered":"Comunicado oficial: Natanael Guzm\u00e1n y Joaqu\u00edn Zeballos"},"content":{"rendered":"<p>Natanael Guzm\u00e1n ser\u00e1 nuevo jugador de Plaza Colonia a pr\u00e9stamo hasta el 31 de diciembre de 2022.<\/p>\n\n\n\n<p>Joaqu\u00edn Zeballos ser\u00e1 cedido a Deportivo Maldonado hasta el 31 de diciembre de 2022.<\/p>","protected":false},"excerpt":{"rendered":"<p>Natanael Guzm\u00e1n ser\u00e1 nuevo jugador de Plaza Colonia a pr\u00e9stamo hasta el 31 de diciembre de 2022. Joaqu\u00edn Zeballos ser\u00e1<span class=\"excerpt-hellip\"> [\u2026]<\/span><\/p>\n","protected":false},"author":1,"featured_media":1769,"comment_status":"closed","ping_status":"open","sticky":false,"template":"","format":"standard","meta":{"rop_custom_images_group":[],"rop_custom_messages_group":[],"rop_publish_now":"initial","rop_publish_now_accounts":[],"rop_publish_now_history":[],"rop_publish_now_status":"pending","_monsterinsights_skip_tracking":false,"_monsterinsights_sitenote_active":false,"_monsterinsights_sitenote_note":"","_monsterinsights_sitenote_category":0,"footnotes":""},"categories":[11],"tags":[],"class_list":["post-1768","post","type-post","status-publish","format-standard","has-post-thumbnail","hentry","category-noticias"],"yoast_head":"<!-- This site is optimized with the Yoast SEO plugin v27.5 - https:\/\/yoast.com\/product\/yoast-seo-wordpress\/ -->\n<title>Comunicado oficial: Natanael Guzm\u00e1n y Joaqu\u00edn Zeballos &#8226; Montevideo City Torque<\/title>\n<meta name=\"robots\" content=\"index, follow, max-snippet:-1, max-image-preview:large, max-video-preview:-1\" \/>\n<link rel=\"canonical\" href=\"https:\/\/montevideocitytorque.com\/en\/2022\/07\/comunicado-oficial-natanael-guzman-y-joaquin-zeballos\/\" \/>\n<meta property=\"og:locale\" content=\"en_GB\" \/>\n<meta property=\"og:type\" content=\"article\" \/>\n<meta property=\"og:title\" content=\"Comunicado oficial: Natanael Guzm\u00e1n y Joaqu\u00edn Zeballos &#8226; Montevideo City Torque\" \/>\n<meta property=\"og:description\" content=\"Natanael Guzm\u00e1n ser\u00e1 nuevo jugador de Plaza Colonia a pr\u00e9stamo hasta el 31 de diciembre de 2022. Joaqu\u00edn Zeballos ser\u00e1 [\u2026]\" \/>\n<meta property=\"og:url\" content=\"https:\/\/montevideocitytorque.com\/en\/2022\/07\/comunicado-oficial-natanael-guzman-y-joaquin-zeballos\/\" \/>\n<meta property=\"og:site_name\" content=\"Montevideo City Torque\" \/>\n<meta property=\"article:publisher\" content=\"https:\/\/www.facebook.com\/mvdcitytorque\" \/>\n<meta property=\"article:published_time\" content=\"2022-07-19T19:16:45+00:00\" \/>\n<meta property=\"article:modified_time\" content=\"2022-07-19T19:16:52+00:00\" \/>\n<meta property=\"og:image\" content=\"https:\/\/63s6d1.a2cdn1.secureserver.net\/wp-content\/uploads\/2022\/07\/6A0A30EA-EEFC-4477-B2E6-DC8ABB083EAE-1024x576.png\" \/>\n\t<meta property=\"og:image:width\" content=\"1024\" \/>\n\t<meta property=\"og:image:height\" content=\"576\" \/>\n\t<meta property=\"og:image:type\" content=\"image\/png\" \/>\n<meta name=\"author\" content=\"Montevideo City Torque\" \/>\n<meta name=\"twitter:card\" content=\"summary_large_image\" \/>\n<meta name=\"twitter:creator\" content=\"@mvdcitytorque\" \/>\n<meta name=\"twitter:site\" content=\"@mvdcitytorque\" \/>\n<meta name=\"twitter:label1\" content=\"Written by\" \/>\n\t<meta name=\"twitter:data1\" content=\"Montevideo City Torque\" \/>\n\t<meta name=\"twitter:label2\" content=\"Estimated reading time\" \/>\n\t<meta name=\"twitter:data2\" content=\"1 minute\" \/>\n<script type=\"application\/ld+json\" class=\"yoast-schema-graph\">{\"@context\":\"https:\\\/\\\/schema.org\",\"@graph\":[{\"@type\":\"Article\",\"@id\":\"https:\\\/\\\/montevideocitytorque.com\\\/2022\\\/07\\\/comunicado-oficial-natanael-guzman-y-joaquin-zeballos\\\/#article\",\"isPartOf\":{\"@id\":\"https:\\\/\\\/montevideocitytorque.com\\\/2022\\\/07\\\/comunicado-oficial-natanael-guzman-y-joaquin-zeballos\\\/\"},\"author\":{\"name\":\"Montevideo City Torque\",\"@id\":\"https:\\\/\\\/montevideocitytorque.com\\\/#\\\/schema\\\/person\\\/15f5eae35604eb2cc78e2bf400f2c210\"},\"headline\":\"Comunicado oficial: Natanael Guzm\u00e1n y Joaqu\u00edn Zeballos\",\"datePublished\":\"2022-07-19T19:16:45+00:00\",\"dateModified\":\"2022-07-19T19:16:52+00:00\",\"mainEntityOfPage\":{\"@id\":\"https:\\\/\\\/montevideocitytorque.com\\\/2022\\\/07\\\/comunicado-oficial-natanael-guzman-y-joaquin-zeballos\\\/\"},\"wordCount\":39,\"publisher\":{\"@id\":\"https:\\\/\\\/montevideocitytorque.com\\\/#organization\"},\"image\":{\"@id\":\"https:\\\/\\\/montevideocitytorque.com\\\/2022\\\/07\\\/comunicado-oficial-natanael-guzman-y-joaquin-zeballos\\\/#primaryimage\"},\"thumbnailUrl\":\"https:\\\/\\\/montevideocitytorque.com\\\/wp-content\\\/uploads\\\/2022\\\/07\\\/6A0A30EA-EEFC-4477-B2E6-DC8ABB083EAE.png\",\"articleSection\":[\"Noticias\"],\"inLanguage\":\"en-GB\"},{\"@type\":\"WebPage\",\"@id\":\"https:\\\/\\\/montevideocitytorque.com\\\/2022\\\/07\\\/comunicado-oficial-natanael-guzman-y-joaquin-zeballos\\\/\",\"url\":\"https:\\\/\\\/montevideocitytorque.com\\\/2022\\\/07\\\/comunicado-oficial-natanael-guzman-y-joaquin-zeballos\\\/\",\"name\":\"Comunicado oficial: Natanael Guzm\u00e1n y Joaqu\u00edn Zeballos &#8226; Montevideo City Torque\",\"isPartOf\":{\"@id\":\"https:\\\/\\\/montevideocitytorque.com\\\/#website\"},\"primaryImageOfPage\":{\"@id\":\"https:\\\/\\\/montevideocitytorque.com\\\/2022\\\/07\\\/comunicado-oficial-natanael-guzman-y-joaquin-zeballos\\\/#primaryimage\"},\"image\":{\"@id\":\"https:\\\/\\\/montevideocitytorque.com\\\/2022\\\/07\\\/comunicado-oficial-natanael-guzman-y-joaquin-zeballos\\\/#primaryimage\"},\"thumbnailUrl\":\"https:\\\/\\\/montevideocitytorque.com\\\/wp-content\\\/uploads\\\/2022\\\/07\\\/6A0A30EA-EEFC-4477-B2E6-DC8ABB083EAE.png\",\"datePublished\":\"2022-07-19T19:16:45+00:00\",\"dateModified\":\"2022-07-19T19:16:52+00:00\",\"breadcrumb\":{\"@id\":\"https:\\\/\\\/montevideocitytorque.com\\\/2022\\\/07\\\/comunicado-oficial-natanael-guzman-y-joaquin-zeballos\\\/#breadcrumb\"},\"inLanguage\":\"en-GB\",\"potentialAction\":[{\"@type\":\"ReadAction\",\"target\":[\"https:\\\/\\\/montevideocitytorque.com\\\/2022\\\/07\\\/comunicado-oficial-natanael-guzman-y-joaquin-zeballos\\\/\"]}]},{\"@type\":\"ImageObject\",\"inLanguage\":\"en-GB\",\"@id\":\"https:\\\/\\\/montevideocitytorque.com\\\/2022\\\/07\\\/comunicado-oficial-natanael-guzman-y-joaquin-zeballos\\\/#primaryimage\",\"url\":\"https:\\\/\\\/montevideocitytorque.com\\\/wp-content\\\/uploads\\\/2022\\\/07\\\/6A0A30EA-EEFC-4477-B2E6-DC8ABB083EAE.png\",\"contentUrl\":\"https:\\\/\\\/montevideocitytorque.com\\\/wp-content\\\/uploads\\\/2022\\\/07\\\/6A0A30EA-EEFC-4477-B2E6-DC8ABB083EAE.png\",\"width\":1920,\"height\":1080},{\"@type\":\"BreadcrumbList\",\"@id\":\"https:\\\/\\\/montevideocitytorque.com\\\/2022\\\/07\\\/comunicado-oficial-natanael-guzman-y-joaquin-zeballos\\\/#breadcrumb\",\"itemListElement\":[{\"@type\":\"ListItem\",\"position\":1,\"name\":\"Home\",\"item\":\"https:\\\/\\\/montevideocitytorque.com\\\/\"},{\"@type\":\"ListItem\",\"position\":2,\"name\":\"Comunicado oficial: Natanael Guzm\u00e1n y Joaqu\u00edn Zeballos\"}]},{\"@type\":\"WebSite\",\"@id\":\"https:\\\/\\\/montevideocitytorque.com\\\/#website\",\"url\":\"https:\\\/\\\/montevideocitytorque.com\\\/\",\"name\":\"Montevideo City Torque\",\"description\":\"\",\"publisher\":{\"@id\":\"https:\\\/\\\/montevideocitytorque.com\\\/#organization\"},\"potentialAction\":[{\"@type\":\"SearchAction\",\"target\":{\"@type\":\"EntryPoint\",\"urlTemplate\":\"https:\\\/\\\/montevideocitytorque.com\\\/?s={search_term_string}\"},\"query-input\":{\"@type\":\"PropertyValueSpecification\",\"valueRequired\":true,\"valueName\":\"search_term_string\"}}],\"inLanguage\":\"en-GB\"},{\"@type\":\"Organization\",\"@id\":\"https:\\\/\\\/montevideocitytorque.com\\\/#organization\",\"name\":\"Montevideo City Torque\",\"url\":\"https:\\\/\\\/montevideocitytorque.com\\\/\",\"logo\":{\"@type\":\"ImageObject\",\"inLanguage\":\"en-GB\",\"@id\":\"https:\\\/\\\/montevideocitytorque.com\\\/#\\\/schema\\\/logo\\\/image\\\/\",\"url\":\"https:\\\/\\\/63s6d1.a2cdn1.secureserver.net\\\/wp-content\\\/uploads\\\/2020\\\/01\\\/escudo-1.png?time=1681308104\",\"contentUrl\":\"https:\\\/\\\/63s6d1.a2cdn1.secureserver.net\\\/wp-content\\\/uploads\\\/2020\\\/01\\\/escudo-1.png?time=1681308104\",\"width\":473,\"height\":473,\"caption\":\"Montevideo City Torque\"},\"image\":{\"@id\":\"https:\\\/\\\/montevideocitytorque.com\\\/#\\\/schema\\\/logo\\\/image\\\/\"},\"sameAs\":[\"https:\\\/\\\/www.facebook.com\\\/mvdcitytorque\",\"https:\\\/\\\/x.com\\\/mvdcitytorque\"]},{\"@type\":\"Person\",\"@id\":\"https:\\\/\\\/montevideocitytorque.com\\\/#\\\/schema\\\/person\\\/15f5eae35604eb2cc78e2bf400f2c210\",\"name\":\"Montevideo City Torque\"}]}<\/script>\n<!-- \/ Yoast SEO plugin. -->","yoast_head_json":{"title":"Comunicado oficial: Natanael Guzm\u00e1n y Joaqu\u00edn Zeballos &#8226; Montevideo City Torque","robots":{"index":"index","follow":"follow","max-snippet":"max-snippet:-1","max-image-preview":"max-image-preview:large","max-video-preview":"max-video-preview:-1"},"canonical":"https:\/\/montevideocitytorque.com\/en\/2022\/07\/comunicado-oficial-natanael-guzman-y-joaquin-zeballos\/","og_locale":"en_GB","og_type":"article","og_title":"Comunicado oficial: Natanael Guzm\u00e1n y Joaqu\u00edn Zeballos &#8226; Montevideo City Torque","og_description":"Natanael Guzm\u00e1n ser\u00e1 nuevo jugador de Plaza Colonia a pr\u00e9stamo hasta el 31 de diciembre de 2022. Joaqu\u00edn Zeballos ser\u00e1 [\u2026]","og_url":"https:\/\/montevideocitytorque.com\/en\/2022\/07\/comunicado-oficial-natanael-guzman-y-joaquin-zeballos\/","og_site_name":"Montevideo City Torque","article_publisher":"https:\/\/www.facebook.com\/mvdcitytorque","article_published_time":"2022-07-19T19:16:45+00:00","article_modified_time":"2022-07-19T19:16:52+00:00","og_image":[{"width":1024,"height":576,"url":"https:\/\/63s6d1.a2cdn1.secureserver.net\/wp-content\/uploads\/2022\/07\/6A0A30EA-EEFC-4477-B2E6-DC8ABB083EAE-1024x576.png","type":"image\/png"}],"author":"Montevideo City Torque","twitter_card":"summary_large_image","twitter_creator":"@mvdcitytorque","twitter_site":"@mvdcitytorque","twitter_misc":{"Written by":"Montevideo City Torque","Estimated reading time":"1 minute"},"schema":{"@context":"https:\/\/schema.org","@graph":[{"@type":"Article","@id":"https:\/\/montevideocitytorque.com\/2022\/07\/comunicado-oficial-natanael-guzman-y-joaquin-zeballos\/#article","isPartOf":{"@id":"https:\/\/montevideocitytorque.com\/2022\/07\/comunicado-oficial-natanael-guzman-y-joaquin-zeballos\/"},"author":{"name":"Montevideo City Torque","@id":"https:\/\/montevideocitytorque.com\/#\/schema\/person\/15f5eae35604eb2cc78e2bf400f2c210"},"headline":"Comunicado oficial: Natanael Guzm\u00e1n y Joaqu\u00edn Zeballos","datePublished":"2022-07-19T19:16:45+00:00","dateModified":"2022-07-19T19:16:52+00:00","mainEntityOfPage":{"@id":"https:\/\/montevideocitytorque.com\/2022\/07\/comunicado-oficial-natanael-guzman-y-joaquin-zeballos\/"},"wordCount":39,"publisher":{"@id":"https:\/\/montevideocitytorque.com\/#organization"},"image":{"@id":"https:\/\/montevideocitytorque.com\/2022\/07\/comunicado-oficial-natanael-guzman-y-joaquin-zeballos\/#primaryimage"},"thumbnailUrl":"https:\/\/montevideocitytorque.com\/wp-content\/uploads\/2022\/07\/6A0A30EA-EEFC-4477-B2E6-DC8ABB083EAE.png","articleSection":["Noticias"],"inLanguage":"en-GB"},{"@type":"WebPage","@id":"https:\/\/montevideocitytorque.com\/2022\/07\/comunicado-oficial-natanael-guzman-y-joaquin-zeballos\/","url":"https:\/\/montevideocitytorque.com\/2022\/07\/comunicado-oficial-natanael-guzman-y-joaquin-zeballos\/","name":"Comunicado oficial: Natanael Guzm\u00e1n y Joaqu\u00edn Zeballos &#8226; Montevideo City Torque","isPartOf":{"@id":"https:\/\/montevideocitytorque.com\/#website"},"primaryImageOfPage":{"@id":"https:\/\/montevideocitytorque.com\/2022\/07\/comunicado-oficial-natanael-guzman-y-joaquin-zeballos\/#primaryimage"},"image":{"@id":"https:\/\/montevideocitytorque.com\/2022\/07\/comunicado-oficial-natanael-guzman-y-joaquin-zeballos\/#primaryimage"},"thumbnailUrl":"https:\/\/montevideocitytorque.com\/wp-content\/uploads\/2022\/07\/6A0A30EA-EEFC-4477-B2E6-DC8ABB083EAE.png","datePublished":"2022-07-19T19:16:45+00:00","dateModified":"2022-07-19T19:16:52+00:00","breadcrumb":{"@id":"https:\/\/montevideocitytorque.com\/2022\/07\/comunicado-oficial-natanael-guzman-y-joaquin-zeballos\/#breadcrumb"},"inLanguage":"en-GB","potentialAction":[{"@type":"ReadAction","target":["https:\/\/montevideocitytorque.com\/2022\/07\/comunicado-oficial-natanael-guzman-y-joaquin-zeballos\/"]}]},{"@type":"ImageObject","inLanguage":"en-GB","@id":"https:\/\/montevideocitytorque.com\/2022\/07\/comunicado-oficial-natanael-guzman-y-joaquin-zeballos\/#primaryimage","url":"https:\/\/montevideocitytorque.com\/wp-content\/uploads\/2022\/07\/6A0A30EA-EEFC-4477-B2E6-DC8ABB083EAE.png","contentUrl":"https:\/\/montevideocitytorque.com\/wp-content\/uploads\/2022\/07\/6A0A30EA-EEFC-4477-B2E6-DC8ABB083EAE.png","width":1920,"height":1080},{"@type":"BreadcrumbList","@id":"https:\/\/montevideocitytorque.com\/2022\/07\/comunicado-oficial-natanael-guzman-y-joaquin-zeballos\/#breadcrumb","itemListElement":[{"@type":"ListItem","position":1,"name":"Home","item":"https:\/\/montevideocitytorque.com\/"},{"@type":"ListItem","position":2,"name":"Comunicado oficial: Natanael Guzm\u00e1n y Joaqu\u00edn Zeballos"}]},{"@type":"WebSite","@id":"https:\/\/montevideocitytorque.com\/#website","url":"https:\/\/montevideocitytorque.com\/","name":"Montevideo City Torque","description":"","publisher":{"@id":"https:\/\/montevideocitytorque.com\/#organization"},"potentialAction":[{"@type":"SearchAction","target":{"@type":"EntryPoint","urlTemplate":"https:\/\/montevideocitytorque.com\/?s={search_term_string}"},"query-input":{"@type":"PropertyValueSpecification","valueRequired":true,"valueName":"search_term_string"}}],"inLanguage":"en-GB"},{"@type":"Organization","@id":"https:\/\/montevideocitytorque.com\/#organization","name":"Montevideo City Torque","url":"https:\/\/montevideocitytorque.com\/","logo":{"@type":"ImageObject","inLanguage":"en-GB","@id":"https:\/\/montevideocitytorque.com\/#\/schema\/logo\/image\/","url":"https:\/\/63s6d1.a2cdn1.secureserver.net\/wp-content\/uploads\/2020\/01\/escudo-1.png?time=1681308104","contentUrl":"https:\/\/63s6d1.a2cdn1.secureserver.net\/wp-content\/uploads\/2020\/01\/escudo-1.png?time=1681308104","width":473,"height":473,"caption":"Montevideo City Torque"},"image":{"@id":"https:\/\/montevideocitytorque.com\/#\/schema\/logo\/image\/"},"sameAs":["https:\/\/www.facebook.com\/mvdcitytorque","https:\/\/x.com\/mvdcitytorque"]},{"@type":"Person","@id":"https:\/\/montevideocitytorque.com\/#\/schema\/person\/15f5eae35604eb2cc78e2bf400f2c210","name":"Montevideo City Torque"}]}},"_links":{"self":[{"href":"https:\/\/montevideocitytorque.com\/en\/wp-json\/wp\/v2\/posts\/1768","targetHints":{"allow":["GET"]}}],"collection":[{"href":"https:\/\/montevideocitytorque.com\/en\/wp-json\/wp\/v2\/posts"}],"about":[{"href":"https:\/\/montevideocitytorque.com\/en\/wp-json\/wp\/v2\/types\/post"}],"author":[{"embeddable":true,"href":"https:\/\/montevideocitytorque.com\/en\/wp-json\/wp\/v2\/users\/1"}],"replies":[{"embeddable":true,"href":"https:\/\/montevideocitytorque.com\/en\/wp-json\/wp\/v2\/comments?post=1768"}],"version-history":[{"count":1,"href":"https:\/\/montevideocitytorque.com\/en\/wp-json\/wp\/v2\/posts\/1768\/revisions"}],"predecessor-version":[{"id":1770,"href":"https:\/\/montevideocitytorque.com\/en\/wp-json\/wp\/v2\/posts\/1768\/revisions\/1770"}],"wp:featuredmedia":[{"embeddable":true,"href":"https:\/\/montevideocitytorque.com\/en\/wp-json\/wp\/v2\/media\/1769"}],"wp:attachment":[{"href":"https:\/\/montevideocitytorque.com\/en\/wp-json\/wp\/v2\/media?parent=1768"}],"wp:term":[{"taxonomy":"category","embeddable":true,"href":"https:\/\/montevideocitytorque.com\/en\/wp-json\/wp\/v2\/categories?post=1768"},{"taxonomy":"post_tag","embeddable":true,"href":"https:\/\/montevideocitytorque.com\/en\/wp-json\/wp\/v2\/tags?post=1768"}],"curies":[{"name":"wp","href":"https:\/\/api.w.org\/{rel}","templated":true}]}}