{"id":1920,"date":"2023-01-16T16:43:14","date_gmt":"2023-01-16T16:43:14","guid":{"rendered":"https:\/\/montevideocitytorque.com\/?p=1920"},"modified":"2023-01-16T16:43:16","modified_gmt":"2023-01-16T16:43:16","slug":"mas-altas-para-el-2023","status":"publish","type":"post","link":"https:\/\/montevideocitytorque.com\/en\/2023\/01\/mas-altas-para-el-2023\/","title":{"rendered":"<strong>M\u00c1S ALTAS PARA EL 2023<\/strong>"},"content":{"rendered":"<p>Han comenzado a llegar al club nuevos refuerzos para la temporada que se nos viene. Uno fue Facundo Rodr\u00edguez, ex Boston River, lateral izquierdo de 29 a\u00f1os. Tambi\u00e9n Lucas Rodr\u00edguez, ex Defensor Sporting, zaguero de 23 a\u00f1os. Otro jugador que lleg\u00f3 fue Ignacio Pereira, quien luego de grandes temporadas en F\u00e9nix se convirti\u00f3 en jugador de Los Ciudadanos. El delantero de 24 a\u00f1os firm\u00f3 por un a\u00f1o. Maximiliano Villa, lateral derecho de 25 a\u00f1os ex Boston River, ya firm\u00f3 y se uni\u00f3 a los trabajos de pretemporada con Montevideo City Torque.<\/p>","protected":false},"excerpt":{"rendered":"<p>Han comenzado a llegar al club nuevos refuerzos para la temporada que se nos viene. Uno fue Facundo Rodr\u00edguez, ex<span class=\"excerpt-hellip\"> [\u2026]<\/span><\/p>\n","protected":false},"author":12,"featured_media":1921,"comment_status":"closed","ping_status":"open","sticky":false,"template":"","format":"standard","meta":{"rop_custom_images_group":[],"rop_custom_messages_group":[],"rop_publish_now":"initial","rop_publish_now_accounts":[],"rop_publish_now_history":[],"rop_publish_now_status":"pending","_monsterinsights_skip_tracking":false,"_monsterinsights_sitenote_active":false,"_monsterinsights_sitenote_note":"","_monsterinsights_sitenote_category":0,"footnotes":""},"categories":[11],"tags":[],"class_list":["post-1920","post","type-post","status-publish","format-standard","has-post-thumbnail","hentry","category-noticias"],"yoast_head":"<!-- This site is optimized with the Yoast SEO plugin v27.5 - https:\/\/yoast.com\/product\/yoast-seo-wordpress\/ -->\n<title>M\u00c1S ALTAS PARA EL 2023 &#8226; Montevideo City Torque<\/title>\n<meta name=\"robots\" content=\"index, follow, max-snippet:-1, max-image-preview:large, max-video-preview:-1\" \/>\n<link rel=\"canonical\" href=\"https:\/\/montevideocitytorque.com\/en\/2023\/01\/mas-altas-para-el-2023\/\" \/>\n<meta property=\"og:locale\" content=\"en_GB\" \/>\n<meta property=\"og:type\" content=\"article\" \/>\n<meta property=\"og:title\" content=\"M\u00c1S ALTAS PARA EL 2023 &#8226; Montevideo City Torque\" \/>\n<meta property=\"og:description\" content=\"Han comenzado a llegar al club nuevos refuerzos para la temporada que se nos viene. Uno fue Facundo Rodr\u00edguez, ex [\u2026]\" \/>\n<meta property=\"og:url\" content=\"https:\/\/montevideocitytorque.com\/en\/2023\/01\/mas-altas-para-el-2023\/\" \/>\n<meta property=\"og:site_name\" content=\"Montevideo City Torque\" \/>\n<meta property=\"article:publisher\" content=\"https:\/\/www.facebook.com\/mvdcitytorque\" \/>\n<meta property=\"article:published_time\" content=\"2023-01-16T16:43:14+00:00\" \/>\n<meta property=\"article:modified_time\" content=\"2023-01-16T16:43:16+00:00\" \/>\n<meta property=\"og:image\" content=\"https:\/\/63s6d1.a2cdn1.secureserver.net\/wp-content\/uploads\/2023\/01\/altas.jpg?time=1732027240\" \/>\n\t<meta property=\"og:image:width\" content=\"800\" \/>\n\t<meta property=\"og:image:height\" content=\"300\" \/>\n\t<meta property=\"og:image:type\" content=\"image\/jpeg\" \/>\n<meta name=\"author\" content=\"Mariano Duran\" \/>\n<meta name=\"twitter:card\" content=\"summary_large_image\" \/>\n<meta name=\"twitter:creator\" content=\"@mvdcitytorque\" \/>\n<meta name=\"twitter:site\" content=\"@mvdcitytorque\" \/>\n<meta name=\"twitter:label1\" content=\"Written by\" \/>\n\t<meta name=\"twitter:data1\" content=\"Mariano Duran\" \/>\n\t<meta name=\"twitter:label2\" content=\"Estimated reading time\" \/>\n\t<meta name=\"twitter:data2\" content=\"1 minute\" \/>\n<script type=\"application\/ld+json\" class=\"yoast-schema-graph\">{\"@context\":\"https:\\\/\\\/schema.org\",\"@graph\":[{\"@type\":\"Article\",\"@id\":\"https:\\\/\\\/montevideocitytorque.com\\\/2023\\\/01\\\/mas-altas-para-el-2023\\\/#article\",\"isPartOf\":{\"@id\":\"https:\\\/\\\/montevideocitytorque.com\\\/2023\\\/01\\\/mas-altas-para-el-2023\\\/\"},\"author\":{\"name\":\"Mariano Duran\",\"@id\":\"https:\\\/\\\/montevideocitytorque.com\\\/#\\\/schema\\\/person\\\/767b0ab6b1967bddefea5bc8e8e94c6f\"},\"headline\":\"M\u00c1S ALTAS PARA EL 2023\",\"datePublished\":\"2023-01-16T16:43:14+00:00\",\"dateModified\":\"2023-01-16T16:43:16+00:00\",\"mainEntityOfPage\":{\"@id\":\"https:\\\/\\\/montevideocitytorque.com\\\/2023\\\/01\\\/mas-altas-para-el-2023\\\/\"},\"wordCount\":101,\"publisher\":{\"@id\":\"https:\\\/\\\/montevideocitytorque.com\\\/#organization\"},\"image\":{\"@id\":\"https:\\\/\\\/montevideocitytorque.com\\\/2023\\\/01\\\/mas-altas-para-el-2023\\\/#primaryimage\"},\"thumbnailUrl\":\"https:\\\/\\\/montevideocitytorque.com\\\/wp-content\\\/uploads\\\/2023\\\/01\\\/altas.jpg\",\"articleSection\":[\"Noticias\"],\"inLanguage\":\"en-GB\"},{\"@type\":\"WebPage\",\"@id\":\"https:\\\/\\\/montevideocitytorque.com\\\/2023\\\/01\\\/mas-altas-para-el-2023\\\/\",\"url\":\"https:\\\/\\\/montevideocitytorque.com\\\/2023\\\/01\\\/mas-altas-para-el-2023\\\/\",\"name\":\"M\u00c1S ALTAS PARA EL 2023 &#8226; Montevideo City Torque\",\"isPartOf\":{\"@id\":\"https:\\\/\\\/montevideocitytorque.com\\\/#website\"},\"primaryImageOfPage\":{\"@id\":\"https:\\\/\\\/montevideocitytorque.com\\\/2023\\\/01\\\/mas-altas-para-el-2023\\\/#primaryimage\"},\"image\":{\"@id\":\"https:\\\/\\\/montevideocitytorque.com\\\/2023\\\/01\\\/mas-altas-para-el-2023\\\/#primaryimage\"},\"thumbnailUrl\":\"https:\\\/\\\/montevideocitytorque.com\\\/wp-content\\\/uploads\\\/2023\\\/01\\\/altas.jpg\",\"datePublished\":\"2023-01-16T16:43:14+00:00\",\"dateModified\":\"2023-01-16T16:43:16+00:00\",\"breadcrumb\":{\"@id\":\"https:\\\/\\\/montevideocitytorque.com\\\/2023\\\/01\\\/mas-altas-para-el-2023\\\/#breadcrumb\"},\"inLanguage\":\"en-GB\",\"potentialAction\":[{\"@type\":\"ReadAction\",\"target\":[\"https:\\\/\\\/montevideocitytorque.com\\\/2023\\\/01\\\/mas-altas-para-el-2023\\\/\"]}]},{\"@type\":\"ImageObject\",\"inLanguage\":\"en-GB\",\"@id\":\"https:\\\/\\\/montevideocitytorque.com\\\/2023\\\/01\\\/mas-altas-para-el-2023\\\/#primaryimage\",\"url\":\"https:\\\/\\\/montevideocitytorque.com\\\/wp-content\\\/uploads\\\/2023\\\/01\\\/altas.jpg\",\"contentUrl\":\"https:\\\/\\\/montevideocitytorque.com\\\/wp-content\\\/uploads\\\/2023\\\/01\\\/altas.jpg\",\"width\":800,\"height\":300},{\"@type\":\"BreadcrumbList\",\"@id\":\"https:\\\/\\\/montevideocitytorque.com\\\/2023\\\/01\\\/mas-altas-para-el-2023\\\/#breadcrumb\",\"itemListElement\":[{\"@type\":\"ListItem\",\"position\":1,\"name\":\"Home\",\"item\":\"https:\\\/\\\/montevideocitytorque.com\\\/\"},{\"@type\":\"ListItem\",\"position\":2,\"name\":\"M\u00c1S ALTAS PARA EL 2023\"}]},{\"@type\":\"WebSite\",\"@id\":\"https:\\\/\\\/montevideocitytorque.com\\\/#website\",\"url\":\"https:\\\/\\\/montevideocitytorque.com\\\/\",\"name\":\"Montevideo City Torque\",\"description\":\"\",\"publisher\":{\"@id\":\"https:\\\/\\\/montevideocitytorque.com\\\/#organization\"},\"potentialAction\":[{\"@type\":\"SearchAction\",\"target\":{\"@type\":\"EntryPoint\",\"urlTemplate\":\"https:\\\/\\\/montevideocitytorque.com\\\/?s={search_term_string}\"},\"query-input\":{\"@type\":\"PropertyValueSpecification\",\"valueRequired\":true,\"valueName\":\"search_term_string\"}}],\"inLanguage\":\"en-GB\"},{\"@type\":\"Organization\",\"@id\":\"https:\\\/\\\/montevideocitytorque.com\\\/#organization\",\"name\":\"Montevideo City Torque\",\"url\":\"https:\\\/\\\/montevideocitytorque.com\\\/\",\"logo\":{\"@type\":\"ImageObject\",\"inLanguage\":\"en-GB\",\"@id\":\"https:\\\/\\\/montevideocitytorque.com\\\/#\\\/schema\\\/logo\\\/image\\\/\",\"url\":\"https:\\\/\\\/63s6d1.a2cdn1.secureserver.net\\\/wp-content\\\/uploads\\\/2020\\\/01\\\/escudo-1.png?time=1681308104\",\"contentUrl\":\"https:\\\/\\\/63s6d1.a2cdn1.secureserver.net\\\/wp-content\\\/uploads\\\/2020\\\/01\\\/escudo-1.png?time=1681308104\",\"width\":473,\"height\":473,\"caption\":\"Montevideo City Torque\"},\"image\":{\"@id\":\"https:\\\/\\\/montevideocitytorque.com\\\/#\\\/schema\\\/logo\\\/image\\\/\"},\"sameAs\":[\"https:\\\/\\\/www.facebook.com\\\/mvdcitytorque\",\"https:\\\/\\\/x.com\\\/mvdcitytorque\"]},{\"@type\":\"Person\",\"@id\":\"https:\\\/\\\/montevideocitytorque.com\\\/#\\\/schema\\\/person\\\/767b0ab6b1967bddefea5bc8e8e94c6f\",\"name\":\"Mariano Duran\"}]}<\/script>\n<!-- \/ Yoast SEO plugin. -->","yoast_head_json":{"title":"M\u00c1S ALTAS PARA EL 2023 &#8226; Montevideo City Torque","robots":{"index":"index","follow":"follow","max-snippet":"max-snippet:-1","max-image-preview":"max-image-preview:large","max-video-preview":"max-video-preview:-1"},"canonical":"https:\/\/montevideocitytorque.com\/en\/2023\/01\/mas-altas-para-el-2023\/","og_locale":"en_GB","og_type":"article","og_title":"M\u00c1S ALTAS PARA EL 2023 &#8226; Montevideo City Torque","og_description":"Han comenzado a llegar al club nuevos refuerzos para la temporada que se nos viene. Uno fue Facundo Rodr\u00edguez, ex [\u2026]","og_url":"https:\/\/montevideocitytorque.com\/en\/2023\/01\/mas-altas-para-el-2023\/","og_site_name":"Montevideo City Torque","article_publisher":"https:\/\/www.facebook.com\/mvdcitytorque","article_published_time":"2023-01-16T16:43:14+00:00","article_modified_time":"2023-01-16T16:43:16+00:00","og_image":[{"width":800,"height":300,"url":"https:\/\/63s6d1.a2cdn1.secureserver.net\/wp-content\/uploads\/2023\/01\/altas.jpg?time=1732027240","type":"image\/jpeg"}],"author":"Mariano Duran","twitter_card":"summary_large_image","twitter_creator":"@mvdcitytorque","twitter_site":"@mvdcitytorque","twitter_misc":{"Written by":"Mariano Duran","Estimated reading time":"1 minute"},"schema":{"@context":"https:\/\/schema.org","@graph":[{"@type":"Article","@id":"https:\/\/montevideocitytorque.com\/2023\/01\/mas-altas-para-el-2023\/#article","isPartOf":{"@id":"https:\/\/montevideocitytorque.com\/2023\/01\/mas-altas-para-el-2023\/"},"author":{"name":"Mariano Duran","@id":"https:\/\/montevideocitytorque.com\/#\/schema\/person\/767b0ab6b1967bddefea5bc8e8e94c6f"},"headline":"M\u00c1S ALTAS PARA EL 2023","datePublished":"2023-01-16T16:43:14+00:00","dateModified":"2023-01-16T16:43:16+00:00","mainEntityOfPage":{"@id":"https:\/\/montevideocitytorque.com\/2023\/01\/mas-altas-para-el-2023\/"},"wordCount":101,"publisher":{"@id":"https:\/\/montevideocitytorque.com\/#organization"},"image":{"@id":"https:\/\/montevideocitytorque.com\/2023\/01\/mas-altas-para-el-2023\/#primaryimage"},"thumbnailUrl":"https:\/\/montevideocitytorque.com\/wp-content\/uploads\/2023\/01\/altas.jpg","articleSection":["Noticias"],"inLanguage":"en-GB"},{"@type":"WebPage","@id":"https:\/\/montevideocitytorque.com\/2023\/01\/mas-altas-para-el-2023\/","url":"https:\/\/montevideocitytorque.com\/2023\/01\/mas-altas-para-el-2023\/","name":"M\u00c1S ALTAS PARA EL 2023 &#8226; Montevideo City Torque","isPartOf":{"@id":"https:\/\/montevideocitytorque.com\/#website"},"primaryImageOfPage":{"@id":"https:\/\/montevideocitytorque.com\/2023\/01\/mas-altas-para-el-2023\/#primaryimage"},"image":{"@id":"https:\/\/montevideocitytorque.com\/2023\/01\/mas-altas-para-el-2023\/#primaryimage"},"thumbnailUrl":"https:\/\/montevideocitytorque.com\/wp-content\/uploads\/2023\/01\/altas.jpg","datePublished":"2023-01-16T16:43:14+00:00","dateModified":"2023-01-16T16:43:16+00:00","breadcrumb":{"@id":"https:\/\/montevideocitytorque.com\/2023\/01\/mas-altas-para-el-2023\/#breadcrumb"},"inLanguage":"en-GB","potentialAction":[{"@type":"ReadAction","target":["https:\/\/montevideocitytorque.com\/2023\/01\/mas-altas-para-el-2023\/"]}]},{"@type":"ImageObject","inLanguage":"en-GB","@id":"https:\/\/montevideocitytorque.com\/2023\/01\/mas-altas-para-el-2023\/#primaryimage","url":"https:\/\/montevideocitytorque.com\/wp-content\/uploads\/2023\/01\/altas.jpg","contentUrl":"https:\/\/montevideocitytorque.com\/wp-content\/uploads\/2023\/01\/altas.jpg","width":800,"height":300},{"@type":"BreadcrumbList","@id":"https:\/\/montevideocitytorque.com\/2023\/01\/mas-altas-para-el-2023\/#breadcrumb","itemListElement":[{"@type":"ListItem","position":1,"name":"Home","item":"https:\/\/montevideocitytorque.com\/"},{"@type":"ListItem","position":2,"name":"M\u00c1S ALTAS PARA EL 2023"}]},{"@type":"WebSite","@id":"https:\/\/montevideocitytorque.com\/#website","url":"https:\/\/montevideocitytorque.com\/","name":"Montevideo City Torque","description":"","publisher":{"@id":"https:\/\/montevideocitytorque.com\/#organization"},"potentialAction":[{"@type":"SearchAction","target":{"@type":"EntryPoint","urlTemplate":"https:\/\/montevideocitytorque.com\/?s={search_term_string}"},"query-input":{"@type":"PropertyValueSpecification","valueRequired":true,"valueName":"search_term_string"}}],"inLanguage":"en-GB"},{"@type":"Organization","@id":"https:\/\/montevideocitytorque.com\/#organization","name":"Montevideo City Torque","url":"https:\/\/montevideocitytorque.com\/","logo":{"@type":"ImageObject","inLanguage":"en-GB","@id":"https:\/\/montevideocitytorque.com\/#\/schema\/logo\/image\/","url":"https:\/\/63s6d1.a2cdn1.secureserver.net\/wp-content\/uploads\/2020\/01\/escudo-1.png?time=1681308104","contentUrl":"https:\/\/63s6d1.a2cdn1.secureserver.net\/wp-content\/uploads\/2020\/01\/escudo-1.png?time=1681308104","width":473,"height":473,"caption":"Montevideo City Torque"},"image":{"@id":"https:\/\/montevideocitytorque.com\/#\/schema\/logo\/image\/"},"sameAs":["https:\/\/www.facebook.com\/mvdcitytorque","https:\/\/x.com\/mvdcitytorque"]},{"@type":"Person","@id":"https:\/\/montevideocitytorque.com\/#\/schema\/person\/767b0ab6b1967bddefea5bc8e8e94c6f","name":"Mariano Duran"}]}},"_links":{"self":[{"href":"https:\/\/montevideocitytorque.com\/en\/wp-json\/wp\/v2\/posts\/1920","targetHints":{"allow":["GET"]}}],"collection":[{"href":"https:\/\/montevideocitytorque.com\/en\/wp-json\/wp\/v2\/posts"}],"about":[{"href":"https:\/\/montevideocitytorque.com\/en\/wp-json\/wp\/v2\/types\/post"}],"author":[{"embeddable":true,"href":"https:\/\/montevideocitytorque.com\/en\/wp-json\/wp\/v2\/users\/12"}],"replies":[{"embeddable":true,"href":"https:\/\/montevideocitytorque.com\/en\/wp-json\/wp\/v2\/comments?post=1920"}],"version-history":[{"count":1,"href":"https:\/\/montevideocitytorque.com\/en\/wp-json\/wp\/v2\/posts\/1920\/revisions"}],"predecessor-version":[{"id":1922,"href":"https:\/\/montevideocitytorque.com\/en\/wp-json\/wp\/v2\/posts\/1920\/revisions\/1922"}],"wp:featuredmedia":[{"embeddable":true,"href":"https:\/\/montevideocitytorque.com\/en\/wp-json\/wp\/v2\/media\/1921"}],"wp:attachment":[{"href":"https:\/\/montevideocitytorque.com\/en\/wp-json\/wp\/v2\/media?parent=1920"}],"wp:term":[{"taxonomy":"category","embeddable":true,"href":"https:\/\/montevideocitytorque.com\/en\/wp-json\/wp\/v2\/categories?post=1920"},{"taxonomy":"post_tag","embeddable":true,"href":"https:\/\/montevideocitytorque.com\/en\/wp-json\/wp\/v2\/tags?post=1920"}],"curies":[{"name":"wp","href":"https:\/\/api.w.org\/{rel}","templated":true}]}}