{"id":2071,"date":"2023-02-07T21:54:54","date_gmt":"2023-02-07T21:54:54","guid":{"rendered":"https:\/\/montevideocitytorque.com\/?p=2071"},"modified":"2023-02-07T23:40:16","modified_gmt":"2023-02-07T23:40:16","slug":"fueron-presentados-dos-nuevos-ciudadanos","status":"publish","type":"post","link":"https:\/\/montevideocitytorque.com\/en\/2023\/02\/fueron-presentados-dos-nuevos-ciudadanos\/","title":{"rendered":"FUERON PRESENTADOS OTROS DOS CIUDADANOS"},"content":{"rendered":"<p>Antes de cerrar el per\u00edodo de pases, Montevideo City Torque le dio la bienvenida a dos nuevos futbolistas.  El argentino \u00d3scar Salom\u00f3n, quien llega a pr\u00e9stamo desde Boca Juniors, ya se integr\u00f3 al plantel y tuvo minutos en el empate ante Danubio por la primera fecha del Torneo Apertura.<\/p>\n\n\n\n<p>El otro ciudadano presentado fue Agust\u00edn \u00c1lvarez Wallace, quien llega desde Pe\u00f1arol y est\u00e1 a la espera de hacer su debut con los celestes en la pr\u00f3xima etapa.<\/p>","protected":false},"excerpt":{"rendered":"<p>Antes de cerrar el per\u00edodo de pases, Montevideo City Torque le dio la bienvenida a dos nuevos futbolistas. El argentino<span class=\"excerpt-hellip\"> [\u2026]<\/span><\/p>\n","protected":false},"author":12,"featured_media":2072,"comment_status":"closed","ping_status":"open","sticky":false,"template":"","format":"standard","meta":{"rop_custom_images_group":[],"rop_custom_messages_group":[],"rop_publish_now":"initial","rop_publish_now_accounts":[],"rop_publish_now_history":[],"rop_publish_now_status":"pending","_monsterinsights_skip_tracking":false,"_monsterinsights_sitenote_active":false,"_monsterinsights_sitenote_note":"","_monsterinsights_sitenote_category":0,"footnotes":""},"categories":[11],"tags":[],"class_list":["post-2071","post","type-post","status-publish","format-standard","has-post-thumbnail","hentry","category-noticias"],"yoast_head":"<!-- This site is optimized with the Yoast SEO plugin v27.5 - https:\/\/yoast.com\/product\/yoast-seo-wordpress\/ -->\n<title>FUERON PRESENTADOS OTROS DOS CIUDADANOS &#8226; Montevideo City Torque<\/title>\n<meta name=\"robots\" content=\"index, follow, max-snippet:-1, max-image-preview:large, max-video-preview:-1\" \/>\n<link rel=\"canonical\" href=\"https:\/\/montevideocitytorque.com\/en\/2023\/02\/fueron-presentados-dos-nuevos-ciudadanos\/\" \/>\n<meta property=\"og:locale\" content=\"en_GB\" \/>\n<meta property=\"og:type\" content=\"article\" \/>\n<meta property=\"og:title\" content=\"FUERON PRESENTADOS OTROS DOS CIUDADANOS &#8226; Montevideo City Torque\" \/>\n<meta property=\"og:description\" content=\"Antes de cerrar el per\u00edodo de pases, Montevideo City Torque le dio la bienvenida a dos nuevos futbolistas. El argentino [\u2026]\" \/>\n<meta property=\"og:url\" content=\"https:\/\/montevideocitytorque.com\/en\/2023\/02\/fueron-presentados-dos-nuevos-ciudadanos\/\" \/>\n<meta property=\"og:site_name\" content=\"Montevideo City Torque\" \/>\n<meta property=\"article:publisher\" content=\"https:\/\/www.facebook.com\/mvdcitytorque\" \/>\n<meta property=\"article:published_time\" content=\"2023-02-07T21:54:54+00:00\" \/>\n<meta property=\"article:modified_time\" content=\"2023-02-07T23:40:16+00:00\" \/>\n<meta property=\"og:image\" content=\"https:\/\/63s6d1.a2cdn1.secureserver.net\/wp-content\/uploads\/2023\/02\/05022023-MCT-Danubio-4831.jpg?time=1732027240\" \/>\n\t<meta property=\"og:image:width\" content=\"1406\" \/>\n\t<meta property=\"og:image:height\" content=\"2500\" \/>\n\t<meta property=\"og:image:type\" content=\"image\/jpeg\" \/>\n<meta name=\"author\" content=\"Mariano Duran\" \/>\n<meta name=\"twitter:card\" content=\"summary_large_image\" \/>\n<meta name=\"twitter:creator\" content=\"@mvdcitytorque\" \/>\n<meta name=\"twitter:site\" content=\"@mvdcitytorque\" \/>\n<meta name=\"twitter:label1\" content=\"Written by\" \/>\n\t<meta name=\"twitter:data1\" content=\"Mariano Duran\" \/>\n\t<meta name=\"twitter:label2\" content=\"Estimated reading time\" \/>\n\t<meta name=\"twitter:data2\" content=\"1 minute\" \/>\n<script type=\"application\/ld+json\" class=\"yoast-schema-graph\">{\"@context\":\"https:\\\/\\\/schema.org\",\"@graph\":[{\"@type\":\"Article\",\"@id\":\"https:\\\/\\\/montevideocitytorque.com\\\/en\\\/2023\\\/02\\\/fueron-presentados-dos-nuevos-ciudadanos\\\/#article\",\"isPartOf\":{\"@id\":\"https:\\\/\\\/montevideocitytorque.com\\\/en\\\/2023\\\/02\\\/fueron-presentados-dos-nuevos-ciudadanos\\\/\"},\"author\":{\"name\":\"Mariano Duran\",\"@id\":\"https:\\\/\\\/montevideocitytorque.com\\\/#\\\/schema\\\/person\\\/767b0ab6b1967bddefea5bc8e8e94c6f\"},\"headline\":\"FUERON PRESENTADOS OTROS DOS CIUDADANOS\",\"datePublished\":\"2023-02-07T21:54:54+00:00\",\"dateModified\":\"2023-02-07T23:40:16+00:00\",\"mainEntityOfPage\":{\"@id\":\"https:\\\/\\\/montevideocitytorque.com\\\/en\\\/2023\\\/02\\\/fueron-presentados-dos-nuevos-ciudadanos\\\/\"},\"wordCount\":88,\"publisher\":{\"@id\":\"https:\\\/\\\/montevideocitytorque.com\\\/#organization\"},\"image\":{\"@id\":\"https:\\\/\\\/montevideocitytorque.com\\\/en\\\/2023\\\/02\\\/fueron-presentados-dos-nuevos-ciudadanos\\\/#primaryimage\"},\"thumbnailUrl\":\"https:\\\/\\\/montevideocitytorque.com\\\/wp-content\\\/uploads\\\/2023\\\/02\\\/05022023-MCT-Danubio-4831.jpg\",\"articleSection\":[\"Noticias\"],\"inLanguage\":\"en-GB\"},{\"@type\":\"WebPage\",\"@id\":\"https:\\\/\\\/montevideocitytorque.com\\\/en\\\/2023\\\/02\\\/fueron-presentados-dos-nuevos-ciudadanos\\\/\",\"url\":\"https:\\\/\\\/montevideocitytorque.com\\\/en\\\/2023\\\/02\\\/fueron-presentados-dos-nuevos-ciudadanos\\\/\",\"name\":\"FUERON PRESENTADOS OTROS DOS CIUDADANOS &#8226; Montevideo City Torque\",\"isPartOf\":{\"@id\":\"https:\\\/\\\/montevideocitytorque.com\\\/#website\"},\"primaryImageOfPage\":{\"@id\":\"https:\\\/\\\/montevideocitytorque.com\\\/en\\\/2023\\\/02\\\/fueron-presentados-dos-nuevos-ciudadanos\\\/#primaryimage\"},\"image\":{\"@id\":\"https:\\\/\\\/montevideocitytorque.com\\\/en\\\/2023\\\/02\\\/fueron-presentados-dos-nuevos-ciudadanos\\\/#primaryimage\"},\"thumbnailUrl\":\"https:\\\/\\\/montevideocitytorque.com\\\/wp-content\\\/uploads\\\/2023\\\/02\\\/05022023-MCT-Danubio-4831.jpg\",\"datePublished\":\"2023-02-07T21:54:54+00:00\",\"dateModified\":\"2023-02-07T23:40:16+00:00\",\"breadcrumb\":{\"@id\":\"https:\\\/\\\/montevideocitytorque.com\\\/en\\\/2023\\\/02\\\/fueron-presentados-dos-nuevos-ciudadanos\\\/#breadcrumb\"},\"inLanguage\":\"en-GB\",\"potentialAction\":[{\"@type\":\"ReadAction\",\"target\":[\"https:\\\/\\\/montevideocitytorque.com\\\/en\\\/2023\\\/02\\\/fueron-presentados-dos-nuevos-ciudadanos\\\/\"]}]},{\"@type\":\"ImageObject\",\"inLanguage\":\"en-GB\",\"@id\":\"https:\\\/\\\/montevideocitytorque.com\\\/en\\\/2023\\\/02\\\/fueron-presentados-dos-nuevos-ciudadanos\\\/#primaryimage\",\"url\":\"https:\\\/\\\/montevideocitytorque.com\\\/wp-content\\\/uploads\\\/2023\\\/02\\\/05022023-MCT-Danubio-4831.jpg\",\"contentUrl\":\"https:\\\/\\\/montevideocitytorque.com\\\/wp-content\\\/uploads\\\/2023\\\/02\\\/05022023-MCT-Danubio-4831.jpg\",\"width\":1406,\"height\":2500},{\"@type\":\"BreadcrumbList\",\"@id\":\"https:\\\/\\\/montevideocitytorque.com\\\/en\\\/2023\\\/02\\\/fueron-presentados-dos-nuevos-ciudadanos\\\/#breadcrumb\",\"itemListElement\":[{\"@type\":\"ListItem\",\"position\":1,\"name\":\"Home\",\"item\":\"https:\\\/\\\/montevideocitytorque.com\\\/\"},{\"@type\":\"ListItem\",\"position\":2,\"name\":\"FUERON PRESENTADOS OTROS DOS CIUDADANOS\"}]},{\"@type\":\"WebSite\",\"@id\":\"https:\\\/\\\/montevideocitytorque.com\\\/#website\",\"url\":\"https:\\\/\\\/montevideocitytorque.com\\\/\",\"name\":\"Montevideo City Torque\",\"description\":\"\",\"publisher\":{\"@id\":\"https:\\\/\\\/montevideocitytorque.com\\\/#organization\"},\"potentialAction\":[{\"@type\":\"SearchAction\",\"target\":{\"@type\":\"EntryPoint\",\"urlTemplate\":\"https:\\\/\\\/montevideocitytorque.com\\\/?s={search_term_string}\"},\"query-input\":{\"@type\":\"PropertyValueSpecification\",\"valueRequired\":true,\"valueName\":\"search_term_string\"}}],\"inLanguage\":\"en-GB\"},{\"@type\":\"Organization\",\"@id\":\"https:\\\/\\\/montevideocitytorque.com\\\/#organization\",\"name\":\"Montevideo City Torque\",\"url\":\"https:\\\/\\\/montevideocitytorque.com\\\/\",\"logo\":{\"@type\":\"ImageObject\",\"inLanguage\":\"en-GB\",\"@id\":\"https:\\\/\\\/montevideocitytorque.com\\\/#\\\/schema\\\/logo\\\/image\\\/\",\"url\":\"https:\\\/\\\/63s6d1.a2cdn1.secureserver.net\\\/wp-content\\\/uploads\\\/2020\\\/01\\\/escudo-1.png?time=1681308104\",\"contentUrl\":\"https:\\\/\\\/63s6d1.a2cdn1.secureserver.net\\\/wp-content\\\/uploads\\\/2020\\\/01\\\/escudo-1.png?time=1681308104\",\"width\":473,\"height\":473,\"caption\":\"Montevideo City Torque\"},\"image\":{\"@id\":\"https:\\\/\\\/montevideocitytorque.com\\\/#\\\/schema\\\/logo\\\/image\\\/\"},\"sameAs\":[\"https:\\\/\\\/www.facebook.com\\\/mvdcitytorque\",\"https:\\\/\\\/x.com\\\/mvdcitytorque\"]},{\"@type\":\"Person\",\"@id\":\"https:\\\/\\\/montevideocitytorque.com\\\/#\\\/schema\\\/person\\\/767b0ab6b1967bddefea5bc8e8e94c6f\",\"name\":\"Mariano Duran\"}]}<\/script>\n<!-- \/ Yoast SEO plugin. -->","yoast_head_json":{"title":"FUERON PRESENTADOS OTROS DOS CIUDADANOS &#8226; Montevideo City Torque","robots":{"index":"index","follow":"follow","max-snippet":"max-snippet:-1","max-image-preview":"max-image-preview:large","max-video-preview":"max-video-preview:-1"},"canonical":"https:\/\/montevideocitytorque.com\/en\/2023\/02\/fueron-presentados-dos-nuevos-ciudadanos\/","og_locale":"en_GB","og_type":"article","og_title":"FUERON PRESENTADOS OTROS DOS CIUDADANOS &#8226; Montevideo City Torque","og_description":"Antes de cerrar el per\u00edodo de pases, Montevideo City Torque le dio la bienvenida a dos nuevos futbolistas. El argentino [\u2026]","og_url":"https:\/\/montevideocitytorque.com\/en\/2023\/02\/fueron-presentados-dos-nuevos-ciudadanos\/","og_site_name":"Montevideo City Torque","article_publisher":"https:\/\/www.facebook.com\/mvdcitytorque","article_published_time":"2023-02-07T21:54:54+00:00","article_modified_time":"2023-02-07T23:40:16+00:00","og_image":[{"width":1406,"height":2500,"url":"https:\/\/63s6d1.a2cdn1.secureserver.net\/wp-content\/uploads\/2023\/02\/05022023-MCT-Danubio-4831.jpg?time=1732027240","type":"image\/jpeg"}],"author":"Mariano Duran","twitter_card":"summary_large_image","twitter_creator":"@mvdcitytorque","twitter_site":"@mvdcitytorque","twitter_misc":{"Written by":"Mariano Duran","Estimated reading time":"1 minute"},"schema":{"@context":"https:\/\/schema.org","@graph":[{"@type":"Article","@id":"https:\/\/montevideocitytorque.com\/en\/2023\/02\/fueron-presentados-dos-nuevos-ciudadanos\/#article","isPartOf":{"@id":"https:\/\/montevideocitytorque.com\/en\/2023\/02\/fueron-presentados-dos-nuevos-ciudadanos\/"},"author":{"name":"Mariano Duran","@id":"https:\/\/montevideocitytorque.com\/#\/schema\/person\/767b0ab6b1967bddefea5bc8e8e94c6f"},"headline":"FUERON PRESENTADOS OTROS DOS CIUDADANOS","datePublished":"2023-02-07T21:54:54+00:00","dateModified":"2023-02-07T23:40:16+00:00","mainEntityOfPage":{"@id":"https:\/\/montevideocitytorque.com\/en\/2023\/02\/fueron-presentados-dos-nuevos-ciudadanos\/"},"wordCount":88,"publisher":{"@id":"https:\/\/montevideocitytorque.com\/#organization"},"image":{"@id":"https:\/\/montevideocitytorque.com\/en\/2023\/02\/fueron-presentados-dos-nuevos-ciudadanos\/#primaryimage"},"thumbnailUrl":"https:\/\/montevideocitytorque.com\/wp-content\/uploads\/2023\/02\/05022023-MCT-Danubio-4831.jpg","articleSection":["Noticias"],"inLanguage":"en-GB"},{"@type":"WebPage","@id":"https:\/\/montevideocitytorque.com\/en\/2023\/02\/fueron-presentados-dos-nuevos-ciudadanos\/","url":"https:\/\/montevideocitytorque.com\/en\/2023\/02\/fueron-presentados-dos-nuevos-ciudadanos\/","name":"FUERON PRESENTADOS OTROS DOS CIUDADANOS &#8226; Montevideo City Torque","isPartOf":{"@id":"https:\/\/montevideocitytorque.com\/#website"},"primaryImageOfPage":{"@id":"https:\/\/montevideocitytorque.com\/en\/2023\/02\/fueron-presentados-dos-nuevos-ciudadanos\/#primaryimage"},"image":{"@id":"https:\/\/montevideocitytorque.com\/en\/2023\/02\/fueron-presentados-dos-nuevos-ciudadanos\/#primaryimage"},"thumbnailUrl":"https:\/\/montevideocitytorque.com\/wp-content\/uploads\/2023\/02\/05022023-MCT-Danubio-4831.jpg","datePublished":"2023-02-07T21:54:54+00:00","dateModified":"2023-02-07T23:40:16+00:00","breadcrumb":{"@id":"https:\/\/montevideocitytorque.com\/en\/2023\/02\/fueron-presentados-dos-nuevos-ciudadanos\/#breadcrumb"},"inLanguage":"en-GB","potentialAction":[{"@type":"ReadAction","target":["https:\/\/montevideocitytorque.com\/en\/2023\/02\/fueron-presentados-dos-nuevos-ciudadanos\/"]}]},{"@type":"ImageObject","inLanguage":"en-GB","@id":"https:\/\/montevideocitytorque.com\/en\/2023\/02\/fueron-presentados-dos-nuevos-ciudadanos\/#primaryimage","url":"https:\/\/montevideocitytorque.com\/wp-content\/uploads\/2023\/02\/05022023-MCT-Danubio-4831.jpg","contentUrl":"https:\/\/montevideocitytorque.com\/wp-content\/uploads\/2023\/02\/05022023-MCT-Danubio-4831.jpg","width":1406,"height":2500},{"@type":"BreadcrumbList","@id":"https:\/\/montevideocitytorque.com\/en\/2023\/02\/fueron-presentados-dos-nuevos-ciudadanos\/#breadcrumb","itemListElement":[{"@type":"ListItem","position":1,"name":"Home","item":"https:\/\/montevideocitytorque.com\/"},{"@type":"ListItem","position":2,"name":"FUERON PRESENTADOS OTROS DOS CIUDADANOS"}]},{"@type":"WebSite","@id":"https:\/\/montevideocitytorque.com\/#website","url":"https:\/\/montevideocitytorque.com\/","name":"Montevideo City Torque","description":"","publisher":{"@id":"https:\/\/montevideocitytorque.com\/#organization"},"potentialAction":[{"@type":"SearchAction","target":{"@type":"EntryPoint","urlTemplate":"https:\/\/montevideocitytorque.com\/?s={search_term_string}"},"query-input":{"@type":"PropertyValueSpecification","valueRequired":true,"valueName":"search_term_string"}}],"inLanguage":"en-GB"},{"@type":"Organization","@id":"https:\/\/montevideocitytorque.com\/#organization","name":"Montevideo City Torque","url":"https:\/\/montevideocitytorque.com\/","logo":{"@type":"ImageObject","inLanguage":"en-GB","@id":"https:\/\/montevideocitytorque.com\/#\/schema\/logo\/image\/","url":"https:\/\/63s6d1.a2cdn1.secureserver.net\/wp-content\/uploads\/2020\/01\/escudo-1.png?time=1681308104","contentUrl":"https:\/\/63s6d1.a2cdn1.secureserver.net\/wp-content\/uploads\/2020\/01\/escudo-1.png?time=1681308104","width":473,"height":473,"caption":"Montevideo City Torque"},"image":{"@id":"https:\/\/montevideocitytorque.com\/#\/schema\/logo\/image\/"},"sameAs":["https:\/\/www.facebook.com\/mvdcitytorque","https:\/\/x.com\/mvdcitytorque"]},{"@type":"Person","@id":"https:\/\/montevideocitytorque.com\/#\/schema\/person\/767b0ab6b1967bddefea5bc8e8e94c6f","name":"Mariano Duran"}]}},"_links":{"self":[{"href":"https:\/\/montevideocitytorque.com\/en\/wp-json\/wp\/v2\/posts\/2071","targetHints":{"allow":["GET"]}}],"collection":[{"href":"https:\/\/montevideocitytorque.com\/en\/wp-json\/wp\/v2\/posts"}],"about":[{"href":"https:\/\/montevideocitytorque.com\/en\/wp-json\/wp\/v2\/types\/post"}],"author":[{"embeddable":true,"href":"https:\/\/montevideocitytorque.com\/en\/wp-json\/wp\/v2\/users\/12"}],"replies":[{"embeddable":true,"href":"https:\/\/montevideocitytorque.com\/en\/wp-json\/wp\/v2\/comments?post=2071"}],"version-history":[{"count":2,"href":"https:\/\/montevideocitytorque.com\/en\/wp-json\/wp\/v2\/posts\/2071\/revisions"}],"predecessor-version":[{"id":2080,"href":"https:\/\/montevideocitytorque.com\/en\/wp-json\/wp\/v2\/posts\/2071\/revisions\/2080"}],"wp:featuredmedia":[{"embeddable":true,"href":"https:\/\/montevideocitytorque.com\/en\/wp-json\/wp\/v2\/media\/2072"}],"wp:attachment":[{"href":"https:\/\/montevideocitytorque.com\/en\/wp-json\/wp\/v2\/media?parent=2071"}],"wp:term":[{"taxonomy":"category","embeddable":true,"href":"https:\/\/montevideocitytorque.com\/en\/wp-json\/wp\/v2\/categories?post=2071"},{"taxonomy":"post_tag","embeddable":true,"href":"https:\/\/montevideocitytorque.com\/en\/wp-json\/wp\/v2\/tags?post=2071"}],"curies":[{"name":"wp","href":"https:\/\/api.w.org\/{rel}","templated":true}]}}