{"id":2327,"date":"2023-04-14T14:00:13","date_gmt":"2023-04-14T14:00:13","guid":{"rendered":"https:\/\/montevideocitytorque.com\/?p=2327"},"modified":"2023-04-14T14:00:14","modified_gmt":"2023-04-14T14:00:14","slug":"estamos-de-estreno","status":"publish","type":"post","link":"https:\/\/montevideocitytorque.com\/en\/2023\/04\/estamos-de-estreno\/","title":{"rendered":"Estamos de estreno"},"content":{"rendered":"<p>Este jueves se inaugur\u00f3 la Cancha de la Comunidad en la Montevideo City Football Academy (Camino Los Aromos SN esquina Ruta 101).<\/p>\n\n\n\n<p>Se estren\u00f3 la cancha de f\u00fatbol 7 construida por nuestra Fundaci\u00f3n City en la Comunidad con la presencia de los chicos de Creando Sue\u00f1os y de la Escuela P\u00fablica 264.<\/p>\n\n\n\n<p>\u00a1Vamos por m\u00e1s!<\/p>\n\n\n\n<p>#LosCiudadanos<\/p>","protected":false},"excerpt":{"rendered":"<p>Este jueves se inaugur\u00f3 la Cancha de la Comunidad en la Montevideo City Football Academy (Camino Los Aromos SN esquina<span class=\"excerpt-hellip\"> [\u2026]<\/span><\/p>\n","protected":false},"author":12,"featured_media":2328,"comment_status":"closed","ping_status":"open","sticky":false,"template":"","format":"standard","meta":{"rop_custom_images_group":[],"rop_custom_messages_group":[],"rop_publish_now":"initial","rop_publish_now_accounts":[],"rop_publish_now_history":[],"rop_publish_now_status":"pending","_monsterinsights_skip_tracking":false,"_monsterinsights_sitenote_active":false,"_monsterinsights_sitenote_note":"","_monsterinsights_sitenote_category":0,"footnotes":""},"categories":[12,26,25,11],"tags":[],"class_list":["post-2327","post","type-post","status-publish","format-standard","has-post-thumbnail","hentry","category-citycomunidad","category-femenino","category-juveniles","category-noticias"],"yoast_head":"<!-- This site is optimized with the Yoast SEO plugin v27.5 - https:\/\/yoast.com\/product\/yoast-seo-wordpress\/ -->\n<title>Estamos de estreno &#8226; Montevideo City Torque<\/title>\n<meta name=\"robots\" content=\"index, follow, max-snippet:-1, max-image-preview:large, max-video-preview:-1\" \/>\n<link rel=\"canonical\" href=\"https:\/\/montevideocitytorque.com\/en\/2023\/04\/estamos-de-estreno\/\" \/>\n<meta property=\"og:locale\" content=\"en_GB\" \/>\n<meta property=\"og:type\" content=\"article\" \/>\n<meta property=\"og:title\" content=\"Estamos de estreno &#8226; Montevideo City Torque\" \/>\n<meta property=\"og:description\" content=\"Este jueves se inaugur\u00f3 la Cancha de la Comunidad en la Montevideo City Football Academy (Camino Los Aromos SN esquina [\u2026]\" \/>\n<meta property=\"og:url\" content=\"https:\/\/montevideocitytorque.com\/en\/2023\/04\/estamos-de-estreno\/\" \/>\n<meta property=\"og:site_name\" content=\"Montevideo City Torque\" \/>\n<meta property=\"article:publisher\" content=\"https:\/\/www.facebook.com\/mvdcitytorque\" \/>\n<meta property=\"article:published_time\" content=\"2023-04-14T14:00:13+00:00\" \/>\n<meta property=\"article:modified_time\" content=\"2023-04-14T14:00:14+00:00\" \/>\n<meta property=\"og:image\" content=\"https:\/\/63s6d1.a2cdn1.secureserver.net\/wp-content\/uploads\/2023\/04\/PRINCIPAL-3-scaled.jpg?time=1732027240\" \/>\n\t<meta property=\"og:image:width\" content=\"2560\" \/>\n\t<meta property=\"og:image:height\" content=\"1703\" \/>\n\t<meta property=\"og:image:type\" content=\"image\/jpeg\" \/>\n<meta name=\"author\" content=\"Mariano Duran\" \/>\n<meta name=\"twitter:card\" content=\"summary_large_image\" \/>\n<meta name=\"twitter:creator\" content=\"@mvdcitytorque\" \/>\n<meta name=\"twitter:site\" content=\"@mvdcitytorque\" \/>\n<meta name=\"twitter:label1\" content=\"Written by\" \/>\n\t<meta name=\"twitter:data1\" content=\"Mariano Duran\" \/>\n\t<meta name=\"twitter:label2\" content=\"Estimated reading time\" \/>\n\t<meta name=\"twitter:data2\" content=\"1 minute\" \/>\n<script type=\"application\/ld+json\" class=\"yoast-schema-graph\">{\"@context\":\"https:\\\/\\\/schema.org\",\"@graph\":[{\"@type\":\"Article\",\"@id\":\"https:\\\/\\\/montevideocitytorque.com\\\/2023\\\/04\\\/estamos-de-estreno\\\/#article\",\"isPartOf\":{\"@id\":\"https:\\\/\\\/montevideocitytorque.com\\\/2023\\\/04\\\/estamos-de-estreno\\\/\"},\"author\":{\"name\":\"Mariano Duran\",\"@id\":\"https:\\\/\\\/montevideocitytorque.com\\\/#\\\/schema\\\/person\\\/767b0ab6b1967bddefea5bc8e8e94c6f\"},\"headline\":\"Estamos de estreno\",\"datePublished\":\"2023-04-14T14:00:13+00:00\",\"dateModified\":\"2023-04-14T14:00:14+00:00\",\"mainEntityOfPage\":{\"@id\":\"https:\\\/\\\/montevideocitytorque.com\\\/2023\\\/04\\\/estamos-de-estreno\\\/\"},\"wordCount\":61,\"publisher\":{\"@id\":\"https:\\\/\\\/montevideocitytorque.com\\\/#organization\"},\"image\":{\"@id\":\"https:\\\/\\\/montevideocitytorque.com\\\/2023\\\/04\\\/estamos-de-estreno\\\/#primaryimage\"},\"thumbnailUrl\":\"https:\\\/\\\/montevideocitytorque.com\\\/wp-content\\\/uploads\\\/2023\\\/04\\\/PRINCIPAL-3-scaled.jpg\",\"articleSection\":[\"City en la comunidad\",\"Femenino\",\"Juveniles\",\"Noticias\"],\"inLanguage\":\"en-GB\"},{\"@type\":\"WebPage\",\"@id\":\"https:\\\/\\\/montevideocitytorque.com\\\/2023\\\/04\\\/estamos-de-estreno\\\/\",\"url\":\"https:\\\/\\\/montevideocitytorque.com\\\/2023\\\/04\\\/estamos-de-estreno\\\/\",\"name\":\"Estamos de estreno &#8226; Montevideo City Torque\",\"isPartOf\":{\"@id\":\"https:\\\/\\\/montevideocitytorque.com\\\/#website\"},\"primaryImageOfPage\":{\"@id\":\"https:\\\/\\\/montevideocitytorque.com\\\/2023\\\/04\\\/estamos-de-estreno\\\/#primaryimage\"},\"image\":{\"@id\":\"https:\\\/\\\/montevideocitytorque.com\\\/2023\\\/04\\\/estamos-de-estreno\\\/#primaryimage\"},\"thumbnailUrl\":\"https:\\\/\\\/montevideocitytorque.com\\\/wp-content\\\/uploads\\\/2023\\\/04\\\/PRINCIPAL-3-scaled.jpg\",\"datePublished\":\"2023-04-14T14:00:13+00:00\",\"dateModified\":\"2023-04-14T14:00:14+00:00\",\"breadcrumb\":{\"@id\":\"https:\\\/\\\/montevideocitytorque.com\\\/2023\\\/04\\\/estamos-de-estreno\\\/#breadcrumb\"},\"inLanguage\":\"en-GB\",\"potentialAction\":[{\"@type\":\"ReadAction\",\"target\":[\"https:\\\/\\\/montevideocitytorque.com\\\/2023\\\/04\\\/estamos-de-estreno\\\/\"]}]},{\"@type\":\"ImageObject\",\"inLanguage\":\"en-GB\",\"@id\":\"https:\\\/\\\/montevideocitytorque.com\\\/2023\\\/04\\\/estamos-de-estreno\\\/#primaryimage\",\"url\":\"https:\\\/\\\/montevideocitytorque.com\\\/wp-content\\\/uploads\\\/2023\\\/04\\\/PRINCIPAL-3-scaled.jpg\",\"contentUrl\":\"https:\\\/\\\/montevideocitytorque.com\\\/wp-content\\\/uploads\\\/2023\\\/04\\\/PRINCIPAL-3-scaled.jpg\",\"width\":2560,\"height\":1703},{\"@type\":\"BreadcrumbList\",\"@id\":\"https:\\\/\\\/montevideocitytorque.com\\\/2023\\\/04\\\/estamos-de-estreno\\\/#breadcrumb\",\"itemListElement\":[{\"@type\":\"ListItem\",\"position\":1,\"name\":\"Home\",\"item\":\"https:\\\/\\\/montevideocitytorque.com\\\/\"},{\"@type\":\"ListItem\",\"position\":2,\"name\":\"Estamos de estreno\"}]},{\"@type\":\"WebSite\",\"@id\":\"https:\\\/\\\/montevideocitytorque.com\\\/#website\",\"url\":\"https:\\\/\\\/montevideocitytorque.com\\\/\",\"name\":\"Montevideo City Torque\",\"description\":\"\",\"publisher\":{\"@id\":\"https:\\\/\\\/montevideocitytorque.com\\\/#organization\"},\"potentialAction\":[{\"@type\":\"SearchAction\",\"target\":{\"@type\":\"EntryPoint\",\"urlTemplate\":\"https:\\\/\\\/montevideocitytorque.com\\\/?s={search_term_string}\"},\"query-input\":{\"@type\":\"PropertyValueSpecification\",\"valueRequired\":true,\"valueName\":\"search_term_string\"}}],\"inLanguage\":\"en-GB\"},{\"@type\":\"Organization\",\"@id\":\"https:\\\/\\\/montevideocitytorque.com\\\/#organization\",\"name\":\"Montevideo City Torque\",\"url\":\"https:\\\/\\\/montevideocitytorque.com\\\/\",\"logo\":{\"@type\":\"ImageObject\",\"inLanguage\":\"en-GB\",\"@id\":\"https:\\\/\\\/montevideocitytorque.com\\\/#\\\/schema\\\/logo\\\/image\\\/\",\"url\":\"https:\\\/\\\/63s6d1.a2cdn1.secureserver.net\\\/wp-content\\\/uploads\\\/2020\\\/01\\\/escudo-1.png?time=1681308104\",\"contentUrl\":\"https:\\\/\\\/63s6d1.a2cdn1.secureserver.net\\\/wp-content\\\/uploads\\\/2020\\\/01\\\/escudo-1.png?time=1681308104\",\"width\":473,\"height\":473,\"caption\":\"Montevideo City Torque\"},\"image\":{\"@id\":\"https:\\\/\\\/montevideocitytorque.com\\\/#\\\/schema\\\/logo\\\/image\\\/\"},\"sameAs\":[\"https:\\\/\\\/www.facebook.com\\\/mvdcitytorque\",\"https:\\\/\\\/x.com\\\/mvdcitytorque\"]},{\"@type\":\"Person\",\"@id\":\"https:\\\/\\\/montevideocitytorque.com\\\/#\\\/schema\\\/person\\\/767b0ab6b1967bddefea5bc8e8e94c6f\",\"name\":\"Mariano Duran\"}]}<\/script>\n<!-- \/ Yoast SEO plugin. -->","yoast_head_json":{"title":"Estamos de estreno &#8226; Montevideo City Torque","robots":{"index":"index","follow":"follow","max-snippet":"max-snippet:-1","max-image-preview":"max-image-preview:large","max-video-preview":"max-video-preview:-1"},"canonical":"https:\/\/montevideocitytorque.com\/en\/2023\/04\/estamos-de-estreno\/","og_locale":"en_GB","og_type":"article","og_title":"Estamos de estreno &#8226; Montevideo City Torque","og_description":"Este jueves se inaugur\u00f3 la Cancha de la Comunidad en la Montevideo City Football Academy (Camino Los Aromos SN esquina [\u2026]","og_url":"https:\/\/montevideocitytorque.com\/en\/2023\/04\/estamos-de-estreno\/","og_site_name":"Montevideo City Torque","article_publisher":"https:\/\/www.facebook.com\/mvdcitytorque","article_published_time":"2023-04-14T14:00:13+00:00","article_modified_time":"2023-04-14T14:00:14+00:00","og_image":[{"width":2560,"height":1703,"url":"https:\/\/63s6d1.a2cdn1.secureserver.net\/wp-content\/uploads\/2023\/04\/PRINCIPAL-3-scaled.jpg?time=1732027240","type":"image\/jpeg"}],"author":"Mariano Duran","twitter_card":"summary_large_image","twitter_creator":"@mvdcitytorque","twitter_site":"@mvdcitytorque","twitter_misc":{"Written by":"Mariano Duran","Estimated reading time":"1 minute"},"schema":{"@context":"https:\/\/schema.org","@graph":[{"@type":"Article","@id":"https:\/\/montevideocitytorque.com\/2023\/04\/estamos-de-estreno\/#article","isPartOf":{"@id":"https:\/\/montevideocitytorque.com\/2023\/04\/estamos-de-estreno\/"},"author":{"name":"Mariano Duran","@id":"https:\/\/montevideocitytorque.com\/#\/schema\/person\/767b0ab6b1967bddefea5bc8e8e94c6f"},"headline":"Estamos de estreno","datePublished":"2023-04-14T14:00:13+00:00","dateModified":"2023-04-14T14:00:14+00:00","mainEntityOfPage":{"@id":"https:\/\/montevideocitytorque.com\/2023\/04\/estamos-de-estreno\/"},"wordCount":61,"publisher":{"@id":"https:\/\/montevideocitytorque.com\/#organization"},"image":{"@id":"https:\/\/montevideocitytorque.com\/2023\/04\/estamos-de-estreno\/#primaryimage"},"thumbnailUrl":"https:\/\/montevideocitytorque.com\/wp-content\/uploads\/2023\/04\/PRINCIPAL-3-scaled.jpg","articleSection":["City en la comunidad","Femenino","Juveniles","Noticias"],"inLanguage":"en-GB"},{"@type":"WebPage","@id":"https:\/\/montevideocitytorque.com\/2023\/04\/estamos-de-estreno\/","url":"https:\/\/montevideocitytorque.com\/2023\/04\/estamos-de-estreno\/","name":"Estamos de estreno &#8226; Montevideo City Torque","isPartOf":{"@id":"https:\/\/montevideocitytorque.com\/#website"},"primaryImageOfPage":{"@id":"https:\/\/montevideocitytorque.com\/2023\/04\/estamos-de-estreno\/#primaryimage"},"image":{"@id":"https:\/\/montevideocitytorque.com\/2023\/04\/estamos-de-estreno\/#primaryimage"},"thumbnailUrl":"https:\/\/montevideocitytorque.com\/wp-content\/uploads\/2023\/04\/PRINCIPAL-3-scaled.jpg","datePublished":"2023-04-14T14:00:13+00:00","dateModified":"2023-04-14T14:00:14+00:00","breadcrumb":{"@id":"https:\/\/montevideocitytorque.com\/2023\/04\/estamos-de-estreno\/#breadcrumb"},"inLanguage":"en-GB","potentialAction":[{"@type":"ReadAction","target":["https:\/\/montevideocitytorque.com\/2023\/04\/estamos-de-estreno\/"]}]},{"@type":"ImageObject","inLanguage":"en-GB","@id":"https:\/\/montevideocitytorque.com\/2023\/04\/estamos-de-estreno\/#primaryimage","url":"https:\/\/montevideocitytorque.com\/wp-content\/uploads\/2023\/04\/PRINCIPAL-3-scaled.jpg","contentUrl":"https:\/\/montevideocitytorque.com\/wp-content\/uploads\/2023\/04\/PRINCIPAL-3-scaled.jpg","width":2560,"height":1703},{"@type":"BreadcrumbList","@id":"https:\/\/montevideocitytorque.com\/2023\/04\/estamos-de-estreno\/#breadcrumb","itemListElement":[{"@type":"ListItem","position":1,"name":"Home","item":"https:\/\/montevideocitytorque.com\/"},{"@type":"ListItem","position":2,"name":"Estamos de estreno"}]},{"@type":"WebSite","@id":"https:\/\/montevideocitytorque.com\/#website","url":"https:\/\/montevideocitytorque.com\/","name":"Montevideo City Torque","description":"","publisher":{"@id":"https:\/\/montevideocitytorque.com\/#organization"},"potentialAction":[{"@type":"SearchAction","target":{"@type":"EntryPoint","urlTemplate":"https:\/\/montevideocitytorque.com\/?s={search_term_string}"},"query-input":{"@type":"PropertyValueSpecification","valueRequired":true,"valueName":"search_term_string"}}],"inLanguage":"en-GB"},{"@type":"Organization","@id":"https:\/\/montevideocitytorque.com\/#organization","name":"Montevideo City Torque","url":"https:\/\/montevideocitytorque.com\/","logo":{"@type":"ImageObject","inLanguage":"en-GB","@id":"https:\/\/montevideocitytorque.com\/#\/schema\/logo\/image\/","url":"https:\/\/63s6d1.a2cdn1.secureserver.net\/wp-content\/uploads\/2020\/01\/escudo-1.png?time=1681308104","contentUrl":"https:\/\/63s6d1.a2cdn1.secureserver.net\/wp-content\/uploads\/2020\/01\/escudo-1.png?time=1681308104","width":473,"height":473,"caption":"Montevideo City Torque"},"image":{"@id":"https:\/\/montevideocitytorque.com\/#\/schema\/logo\/image\/"},"sameAs":["https:\/\/www.facebook.com\/mvdcitytorque","https:\/\/x.com\/mvdcitytorque"]},{"@type":"Person","@id":"https:\/\/montevideocitytorque.com\/#\/schema\/person\/767b0ab6b1967bddefea5bc8e8e94c6f","name":"Mariano Duran"}]}},"_links":{"self":[{"href":"https:\/\/montevideocitytorque.com\/en\/wp-json\/wp\/v2\/posts\/2327","targetHints":{"allow":["GET"]}}],"collection":[{"href":"https:\/\/montevideocitytorque.com\/en\/wp-json\/wp\/v2\/posts"}],"about":[{"href":"https:\/\/montevideocitytorque.com\/en\/wp-json\/wp\/v2\/types\/post"}],"author":[{"embeddable":true,"href":"https:\/\/montevideocitytorque.com\/en\/wp-json\/wp\/v2\/users\/12"}],"replies":[{"embeddable":true,"href":"https:\/\/montevideocitytorque.com\/en\/wp-json\/wp\/v2\/comments?post=2327"}],"version-history":[{"count":1,"href":"https:\/\/montevideocitytorque.com\/en\/wp-json\/wp\/v2\/posts\/2327\/revisions"}],"predecessor-version":[{"id":2329,"href":"https:\/\/montevideocitytorque.com\/en\/wp-json\/wp\/v2\/posts\/2327\/revisions\/2329"}],"wp:featuredmedia":[{"embeddable":true,"href":"https:\/\/montevideocitytorque.com\/en\/wp-json\/wp\/v2\/media\/2328"}],"wp:attachment":[{"href":"https:\/\/montevideocitytorque.com\/en\/wp-json\/wp\/v2\/media?parent=2327"}],"wp:term":[{"taxonomy":"category","embeddable":true,"href":"https:\/\/montevideocitytorque.com\/en\/wp-json\/wp\/v2\/categories?post=2327"},{"taxonomy":"post_tag","embeddable":true,"href":"https:\/\/montevideocitytorque.com\/en\/wp-json\/wp\/v2\/tags?post=2327"}],"curies":[{"name":"wp","href":"https:\/\/api.w.org\/{rel}","templated":true}]}}