{"id":2447,"date":"2023-06-06T13:25:00","date_gmt":"2023-06-06T13:25:00","guid":{"rendered":"https:\/\/montevideocitytorque.com\/?p=2447"},"modified":"2023-06-06T13:25:02","modified_gmt":"2023-06-06T13:25:02","slug":"debut-con-igualdad","status":"publish","type":"post","link":"https:\/\/montevideocitytorque.com\/en\/2023\/06\/debut-con-igualdad\/","title":{"rendered":"Debut con igualdad"},"content":{"rendered":"<p>Montevideo City Torque empat\u00f3 1-1 ante Defensor Sporting en el estreno del Torneo Intermedio 2023. Los Ciudadanos sumaron una unidad en el Parque Viera frente al conjunto violeta.<\/p>\n\n\n\n<p>Sebasti\u00e1n Ribas abri\u00f3 el marcador en el Prado con un gol de cabeza tras una gran jugada de Pepe \u00c1lvarez en la primera mitad. Sin embargo, la visita decret\u00f3 el empate a pocos minutos del final.<\/p>\n\n\n\n<p>Los 11 de Nardi fueron: <strong>Gast\u00f3n Guruceaga; Hern\u00e1n Petryk, \u00d3scar Salom\u00f3n, Fabricio Silveira; Franco Pizzichillo, Agust\u00edn \u00c1lvarez Wallace, Franco Catarozzi, Jos\u00e9 \u00c1lvarez; Tiago Palacios, Sebasti\u00e1n Ribas y Sebasti\u00e1n Guerrero.<\/strong><\/p>\n\n\n\n<p>Por la segunda etapa del Intermedio, visitaremos a Danubio el siguiente fin de semana en Jardines del Hip\u00f3dromo.<\/p>","protected":false},"excerpt":{"rendered":"<p>Montevideo City Torque empat\u00f3 1-1 ante Defensor Sporting en el estreno del Torneo Intermedio 2023. Los Ciudadanos sumaron una unidad<span class=\"excerpt-hellip\"> [\u2026]<\/span><\/p>\n","protected":false},"author":12,"featured_media":2449,"comment_status":"closed","ping_status":"open","sticky":false,"template":"","format":"standard","meta":{"rop_custom_images_group":[],"rop_custom_messages_group":[],"rop_publish_now":"initial","rop_publish_now_accounts":[],"rop_publish_now_history":[],"rop_publish_now_status":"pending","_monsterinsights_skip_tracking":false,"_monsterinsights_sitenote_active":false,"_monsterinsights_sitenote_note":"","_monsterinsights_sitenote_category":0,"footnotes":""},"categories":[11],"tags":[],"class_list":["post-2447","post","type-post","status-publish","format-standard","has-post-thumbnail","hentry","category-noticias"],"yoast_head":"<!-- This site is optimized with the Yoast SEO plugin v27.5 - https:\/\/yoast.com\/product\/yoast-seo-wordpress\/ -->\n<title>Debut con igualdad &#8226; Montevideo City Torque<\/title>\n<meta name=\"robots\" content=\"index, follow, max-snippet:-1, max-image-preview:large, max-video-preview:-1\" \/>\n<link rel=\"canonical\" href=\"https:\/\/montevideocitytorque.com\/en\/2023\/06\/debut-con-igualdad\/\" \/>\n<meta property=\"og:locale\" content=\"en_GB\" \/>\n<meta property=\"og:type\" content=\"article\" \/>\n<meta property=\"og:title\" content=\"Debut con igualdad &#8226; Montevideo City Torque\" \/>\n<meta property=\"og:description\" content=\"Montevideo City Torque empat\u00f3 1-1 ante Defensor Sporting en el estreno del Torneo Intermedio 2023. Los Ciudadanos sumaron una unidad [\u2026]\" \/>\n<meta property=\"og:url\" content=\"https:\/\/montevideocitytorque.com\/en\/2023\/06\/debut-con-igualdad\/\" \/>\n<meta property=\"og:site_name\" content=\"Montevideo City Torque\" \/>\n<meta property=\"article:publisher\" content=\"https:\/\/www.facebook.com\/mvdcitytorque\" \/>\n<meta property=\"article:published_time\" content=\"2023-06-06T13:25:00+00:00\" \/>\n<meta property=\"article:modified_time\" content=\"2023-06-06T13:25:02+00:00\" \/>\n<meta property=\"og:image\" content=\"https:\/\/63s6d1.a2cdn1.secureserver.net\/wp-content\/uploads\/2023\/06\/05062023-MCT-Defensor-2718-e1686057892392.jpg?time=1732027240\" \/>\n\t<meta property=\"og:image:width\" content=\"2500\" \/>\n\t<meta property=\"og:image:height\" content=\"1667\" \/>\n\t<meta property=\"og:image:type\" content=\"image\/jpeg\" \/>\n<meta name=\"author\" content=\"Mariano Duran\" \/>\n<meta name=\"twitter:card\" content=\"summary_large_image\" \/>\n<meta name=\"twitter:creator\" content=\"@mvdcitytorque\" \/>\n<meta name=\"twitter:site\" content=\"@mvdcitytorque\" \/>\n<meta name=\"twitter:label1\" content=\"Written by\" \/>\n\t<meta name=\"twitter:data1\" content=\"Mariano Duran\" \/>\n\t<meta name=\"twitter:label2\" content=\"Estimated reading time\" \/>\n\t<meta name=\"twitter:data2\" content=\"1 minute\" \/>\n<script type=\"application\/ld+json\" class=\"yoast-schema-graph\">{\"@context\":\"https:\\\/\\\/schema.org\",\"@graph\":[{\"@type\":\"Article\",\"@id\":\"https:\\\/\\\/montevideocitytorque.com\\\/2023\\\/06\\\/debut-con-igualdad\\\/#article\",\"isPartOf\":{\"@id\":\"https:\\\/\\\/montevideocitytorque.com\\\/2023\\\/06\\\/debut-con-igualdad\\\/\"},\"author\":{\"name\":\"Mariano Duran\",\"@id\":\"https:\\\/\\\/montevideocitytorque.com\\\/#\\\/schema\\\/person\\\/767b0ab6b1967bddefea5bc8e8e94c6f\"},\"headline\":\"Debut con igualdad\",\"datePublished\":\"2023-06-06T13:25:00+00:00\",\"dateModified\":\"2023-06-06T13:25:02+00:00\",\"mainEntityOfPage\":{\"@id\":\"https:\\\/\\\/montevideocitytorque.com\\\/2023\\\/06\\\/debut-con-igualdad\\\/\"},\"wordCount\":120,\"publisher\":{\"@id\":\"https:\\\/\\\/montevideocitytorque.com\\\/#organization\"},\"image\":{\"@id\":\"https:\\\/\\\/montevideocitytorque.com\\\/2023\\\/06\\\/debut-con-igualdad\\\/#primaryimage\"},\"thumbnailUrl\":\"https:\\\/\\\/montevideocitytorque.com\\\/wp-content\\\/uploads\\\/2023\\\/06\\\/05062023-MCT-Defensor-2718-e1686057892392.jpg\",\"articleSection\":[\"Noticias\"],\"inLanguage\":\"en-GB\"},{\"@type\":\"WebPage\",\"@id\":\"https:\\\/\\\/montevideocitytorque.com\\\/2023\\\/06\\\/debut-con-igualdad\\\/\",\"url\":\"https:\\\/\\\/montevideocitytorque.com\\\/2023\\\/06\\\/debut-con-igualdad\\\/\",\"name\":\"Debut con igualdad &#8226; Montevideo City Torque\",\"isPartOf\":{\"@id\":\"https:\\\/\\\/montevideocitytorque.com\\\/#website\"},\"primaryImageOfPage\":{\"@id\":\"https:\\\/\\\/montevideocitytorque.com\\\/2023\\\/06\\\/debut-con-igualdad\\\/#primaryimage\"},\"image\":{\"@id\":\"https:\\\/\\\/montevideocitytorque.com\\\/2023\\\/06\\\/debut-con-igualdad\\\/#primaryimage\"},\"thumbnailUrl\":\"https:\\\/\\\/montevideocitytorque.com\\\/wp-content\\\/uploads\\\/2023\\\/06\\\/05062023-MCT-Defensor-2718-e1686057892392.jpg\",\"datePublished\":\"2023-06-06T13:25:00+00:00\",\"dateModified\":\"2023-06-06T13:25:02+00:00\",\"breadcrumb\":{\"@id\":\"https:\\\/\\\/montevideocitytorque.com\\\/2023\\\/06\\\/debut-con-igualdad\\\/#breadcrumb\"},\"inLanguage\":\"en-GB\",\"potentialAction\":[{\"@type\":\"ReadAction\",\"target\":[\"https:\\\/\\\/montevideocitytorque.com\\\/2023\\\/06\\\/debut-con-igualdad\\\/\"]}]},{\"@type\":\"ImageObject\",\"inLanguage\":\"en-GB\",\"@id\":\"https:\\\/\\\/montevideocitytorque.com\\\/2023\\\/06\\\/debut-con-igualdad\\\/#primaryimage\",\"url\":\"https:\\\/\\\/montevideocitytorque.com\\\/wp-content\\\/uploads\\\/2023\\\/06\\\/05062023-MCT-Defensor-2718-e1686057892392.jpg\",\"contentUrl\":\"https:\\\/\\\/montevideocitytorque.com\\\/wp-content\\\/uploads\\\/2023\\\/06\\\/05062023-MCT-Defensor-2718-e1686057892392.jpg\",\"width\":2500,\"height\":1667},{\"@type\":\"BreadcrumbList\",\"@id\":\"https:\\\/\\\/montevideocitytorque.com\\\/2023\\\/06\\\/debut-con-igualdad\\\/#breadcrumb\",\"itemListElement\":[{\"@type\":\"ListItem\",\"position\":1,\"name\":\"Home\",\"item\":\"https:\\\/\\\/montevideocitytorque.com\\\/\"},{\"@type\":\"ListItem\",\"position\":2,\"name\":\"Debut con igualdad\"}]},{\"@type\":\"WebSite\",\"@id\":\"https:\\\/\\\/montevideocitytorque.com\\\/#website\",\"url\":\"https:\\\/\\\/montevideocitytorque.com\\\/\",\"name\":\"Montevideo City Torque\",\"description\":\"\",\"publisher\":{\"@id\":\"https:\\\/\\\/montevideocitytorque.com\\\/#organization\"},\"potentialAction\":[{\"@type\":\"SearchAction\",\"target\":{\"@type\":\"EntryPoint\",\"urlTemplate\":\"https:\\\/\\\/montevideocitytorque.com\\\/?s={search_term_string}\"},\"query-input\":{\"@type\":\"PropertyValueSpecification\",\"valueRequired\":true,\"valueName\":\"search_term_string\"}}],\"inLanguage\":\"en-GB\"},{\"@type\":\"Organization\",\"@id\":\"https:\\\/\\\/montevideocitytorque.com\\\/#organization\",\"name\":\"Montevideo City Torque\",\"url\":\"https:\\\/\\\/montevideocitytorque.com\\\/\",\"logo\":{\"@type\":\"ImageObject\",\"inLanguage\":\"en-GB\",\"@id\":\"https:\\\/\\\/montevideocitytorque.com\\\/#\\\/schema\\\/logo\\\/image\\\/\",\"url\":\"https:\\\/\\\/63s6d1.a2cdn1.secureserver.net\\\/wp-content\\\/uploads\\\/2020\\\/01\\\/escudo-1.png?time=1681308104\",\"contentUrl\":\"https:\\\/\\\/63s6d1.a2cdn1.secureserver.net\\\/wp-content\\\/uploads\\\/2020\\\/01\\\/escudo-1.png?time=1681308104\",\"width\":473,\"height\":473,\"caption\":\"Montevideo City Torque\"},\"image\":{\"@id\":\"https:\\\/\\\/montevideocitytorque.com\\\/#\\\/schema\\\/logo\\\/image\\\/\"},\"sameAs\":[\"https:\\\/\\\/www.facebook.com\\\/mvdcitytorque\",\"https:\\\/\\\/x.com\\\/mvdcitytorque\"]},{\"@type\":\"Person\",\"@id\":\"https:\\\/\\\/montevideocitytorque.com\\\/#\\\/schema\\\/person\\\/767b0ab6b1967bddefea5bc8e8e94c6f\",\"name\":\"Mariano Duran\"}]}<\/script>\n<!-- \/ Yoast SEO plugin. -->","yoast_head_json":{"title":"Debut con igualdad &#8226; Montevideo City Torque","robots":{"index":"index","follow":"follow","max-snippet":"max-snippet:-1","max-image-preview":"max-image-preview:large","max-video-preview":"max-video-preview:-1"},"canonical":"https:\/\/montevideocitytorque.com\/en\/2023\/06\/debut-con-igualdad\/","og_locale":"en_GB","og_type":"article","og_title":"Debut con igualdad &#8226; Montevideo City Torque","og_description":"Montevideo City Torque empat\u00f3 1-1 ante Defensor Sporting en el estreno del Torneo Intermedio 2023. Los Ciudadanos sumaron una unidad [\u2026]","og_url":"https:\/\/montevideocitytorque.com\/en\/2023\/06\/debut-con-igualdad\/","og_site_name":"Montevideo City Torque","article_publisher":"https:\/\/www.facebook.com\/mvdcitytorque","article_published_time":"2023-06-06T13:25:00+00:00","article_modified_time":"2023-06-06T13:25:02+00:00","og_image":[{"width":2500,"height":1667,"url":"https:\/\/63s6d1.a2cdn1.secureserver.net\/wp-content\/uploads\/2023\/06\/05062023-MCT-Defensor-2718-e1686057892392.jpg?time=1732027240","type":"image\/jpeg"}],"author":"Mariano Duran","twitter_card":"summary_large_image","twitter_creator":"@mvdcitytorque","twitter_site":"@mvdcitytorque","twitter_misc":{"Written by":"Mariano Duran","Estimated reading time":"1 minute"},"schema":{"@context":"https:\/\/schema.org","@graph":[{"@type":"Article","@id":"https:\/\/montevideocitytorque.com\/2023\/06\/debut-con-igualdad\/#article","isPartOf":{"@id":"https:\/\/montevideocitytorque.com\/2023\/06\/debut-con-igualdad\/"},"author":{"name":"Mariano Duran","@id":"https:\/\/montevideocitytorque.com\/#\/schema\/person\/767b0ab6b1967bddefea5bc8e8e94c6f"},"headline":"Debut con igualdad","datePublished":"2023-06-06T13:25:00+00:00","dateModified":"2023-06-06T13:25:02+00:00","mainEntityOfPage":{"@id":"https:\/\/montevideocitytorque.com\/2023\/06\/debut-con-igualdad\/"},"wordCount":120,"publisher":{"@id":"https:\/\/montevideocitytorque.com\/#organization"},"image":{"@id":"https:\/\/montevideocitytorque.com\/2023\/06\/debut-con-igualdad\/#primaryimage"},"thumbnailUrl":"https:\/\/montevideocitytorque.com\/wp-content\/uploads\/2023\/06\/05062023-MCT-Defensor-2718-e1686057892392.jpg","articleSection":["Noticias"],"inLanguage":"en-GB"},{"@type":"WebPage","@id":"https:\/\/montevideocitytorque.com\/2023\/06\/debut-con-igualdad\/","url":"https:\/\/montevideocitytorque.com\/2023\/06\/debut-con-igualdad\/","name":"Debut con igualdad &#8226; Montevideo City Torque","isPartOf":{"@id":"https:\/\/montevideocitytorque.com\/#website"},"primaryImageOfPage":{"@id":"https:\/\/montevideocitytorque.com\/2023\/06\/debut-con-igualdad\/#primaryimage"},"image":{"@id":"https:\/\/montevideocitytorque.com\/2023\/06\/debut-con-igualdad\/#primaryimage"},"thumbnailUrl":"https:\/\/montevideocitytorque.com\/wp-content\/uploads\/2023\/06\/05062023-MCT-Defensor-2718-e1686057892392.jpg","datePublished":"2023-06-06T13:25:00+00:00","dateModified":"2023-06-06T13:25:02+00:00","breadcrumb":{"@id":"https:\/\/montevideocitytorque.com\/2023\/06\/debut-con-igualdad\/#breadcrumb"},"inLanguage":"en-GB","potentialAction":[{"@type":"ReadAction","target":["https:\/\/montevideocitytorque.com\/2023\/06\/debut-con-igualdad\/"]}]},{"@type":"ImageObject","inLanguage":"en-GB","@id":"https:\/\/montevideocitytorque.com\/2023\/06\/debut-con-igualdad\/#primaryimage","url":"https:\/\/montevideocitytorque.com\/wp-content\/uploads\/2023\/06\/05062023-MCT-Defensor-2718-e1686057892392.jpg","contentUrl":"https:\/\/montevideocitytorque.com\/wp-content\/uploads\/2023\/06\/05062023-MCT-Defensor-2718-e1686057892392.jpg","width":2500,"height":1667},{"@type":"BreadcrumbList","@id":"https:\/\/montevideocitytorque.com\/2023\/06\/debut-con-igualdad\/#breadcrumb","itemListElement":[{"@type":"ListItem","position":1,"name":"Home","item":"https:\/\/montevideocitytorque.com\/"},{"@type":"ListItem","position":2,"name":"Debut con igualdad"}]},{"@type":"WebSite","@id":"https:\/\/montevideocitytorque.com\/#website","url":"https:\/\/montevideocitytorque.com\/","name":"Montevideo City Torque","description":"","publisher":{"@id":"https:\/\/montevideocitytorque.com\/#organization"},"potentialAction":[{"@type":"SearchAction","target":{"@type":"EntryPoint","urlTemplate":"https:\/\/montevideocitytorque.com\/?s={search_term_string}"},"query-input":{"@type":"PropertyValueSpecification","valueRequired":true,"valueName":"search_term_string"}}],"inLanguage":"en-GB"},{"@type":"Organization","@id":"https:\/\/montevideocitytorque.com\/#organization","name":"Montevideo City Torque","url":"https:\/\/montevideocitytorque.com\/","logo":{"@type":"ImageObject","inLanguage":"en-GB","@id":"https:\/\/montevideocitytorque.com\/#\/schema\/logo\/image\/","url":"https:\/\/63s6d1.a2cdn1.secureserver.net\/wp-content\/uploads\/2020\/01\/escudo-1.png?time=1681308104","contentUrl":"https:\/\/63s6d1.a2cdn1.secureserver.net\/wp-content\/uploads\/2020\/01\/escudo-1.png?time=1681308104","width":473,"height":473,"caption":"Montevideo City Torque"},"image":{"@id":"https:\/\/montevideocitytorque.com\/#\/schema\/logo\/image\/"},"sameAs":["https:\/\/www.facebook.com\/mvdcitytorque","https:\/\/x.com\/mvdcitytorque"]},{"@type":"Person","@id":"https:\/\/montevideocitytorque.com\/#\/schema\/person\/767b0ab6b1967bddefea5bc8e8e94c6f","name":"Mariano Duran"}]}},"_links":{"self":[{"href":"https:\/\/montevideocitytorque.com\/en\/wp-json\/wp\/v2\/posts\/2447","targetHints":{"allow":["GET"]}}],"collection":[{"href":"https:\/\/montevideocitytorque.com\/en\/wp-json\/wp\/v2\/posts"}],"about":[{"href":"https:\/\/montevideocitytorque.com\/en\/wp-json\/wp\/v2\/types\/post"}],"author":[{"embeddable":true,"href":"https:\/\/montevideocitytorque.com\/en\/wp-json\/wp\/v2\/users\/12"}],"replies":[{"embeddable":true,"href":"https:\/\/montevideocitytorque.com\/en\/wp-json\/wp\/v2\/comments?post=2447"}],"version-history":[{"count":1,"href":"https:\/\/montevideocitytorque.com\/en\/wp-json\/wp\/v2\/posts\/2447\/revisions"}],"predecessor-version":[{"id":2450,"href":"https:\/\/montevideocitytorque.com\/en\/wp-json\/wp\/v2\/posts\/2447\/revisions\/2450"}],"wp:featuredmedia":[{"embeddable":true,"href":"https:\/\/montevideocitytorque.com\/en\/wp-json\/wp\/v2\/media\/2449"}],"wp:attachment":[{"href":"https:\/\/montevideocitytorque.com\/en\/wp-json\/wp\/v2\/media?parent=2447"}],"wp:term":[{"taxonomy":"category","embeddable":true,"href":"https:\/\/montevideocitytorque.com\/en\/wp-json\/wp\/v2\/categories?post=2447"},{"taxonomy":"post_tag","embeddable":true,"href":"https:\/\/montevideocitytorque.com\/en\/wp-json\/wp\/v2\/tags?post=2447"}],"curies":[{"name":"wp","href":"https:\/\/api.w.org\/{rel}","templated":true}]}}