{"id":2758,"date":"2023-11-11T15:26:10","date_gmt":"2023-11-11T15:26:10","guid":{"rendered":"https:\/\/montevideocitytorque.com\/?p=2758"},"modified":"2023-11-11T15:26:11","modified_gmt":"2023-11-11T15:26:11","slug":"se-escapo-sobre-el-final","status":"publish","type":"post","link":"https:\/\/montevideocitytorque.com\/en\/2023\/11\/se-escapo-sobre-el-final\/","title":{"rendered":"Se escap\u00f3 sobre el final"},"content":{"rendered":"<p>Bajo un diluvio se disput\u00f3 el partido de la novena fecha entre Montevideo City Torque y Plaza Colonia este viernes en el Estadio Campe\u00f3n Del Siglo. <\/p>\n\n\n\n<p>Los Celestes hicieron un gran primer tiempo y se pusieron en ventaja gracias a un bombazo de Tiago Palacios. La amplitud del marcador se hizo m\u00e1s grande cuando el propio argentino, de penal, marc\u00f3 el 2-0 a falta de 20 minutos para el final. <\/p>\n\n\n\n<p>Pero luego, la visita reaccion\u00f3 y encontr\u00f3 r\u00e1pidamente el descuento desde el tiro penal. Y cuando el encuentro se terminaba, el Patablanca encontr\u00f3 un cabezazo a los 98&#8242; para dividir unidades.<\/p>\n\n\n\n<p>Por la pr\u00f3xima fecha, Los Ciudadanos visitar\u00e1n a Racing en el Parque Osvaldo Roberto, en un duelo clave por la zona  baja.<\/p>\n\n\n\n<p><strong>Los 11 de Leo Ramos:<\/strong><\/p>\n\n\n\n<p>55 Gast\u00f3n Guruceaga C<\/p>\n\n\n\n<p>4 Maximiliano Villa<\/p>\n\n\n\n<p>17 Eduardo Ag\u00fcero<\/p>\n\n\n\n<p>42 Oscar Salom\u00f3n<\/p>\n\n\n\n<p>27 Andrew Teuten<\/p>\n\n\n\n<p>15 Agust\u00edn \u00c1lvarez Wallace<\/p>\n\n\n\n<p>18 Santiago Costa<\/p>\n\n\n\n<p>5 Franco Pizzichillo<\/p>\n\n\n\n<p>10 Tiago Palacios<\/p>\n\n\n\n<p>16 Jos\u00e9 \u00c1lvarez<\/p>\n\n\n\n<p>7 Nicol\u00e1s Siri<\/p>","protected":false},"excerpt":{"rendered":"<p>Bajo un diluvio se disput\u00f3 el partido de la novena fecha entre Montevideo City Torque y Plaza Colonia este viernes<span class=\"excerpt-hellip\"> [\u2026]<\/span><\/p>\n","protected":false},"author":12,"featured_media":2759,"comment_status":"closed","ping_status":"open","sticky":false,"template":"","format":"standard","meta":{"rop_custom_images_group":[],"rop_custom_messages_group":[],"rop_publish_now":"initial","rop_publish_now_accounts":[],"rop_publish_now_history":[],"rop_publish_now_status":"pending","_monsterinsights_skip_tracking":false,"_monsterinsights_sitenote_active":false,"_monsterinsights_sitenote_note":"","_monsterinsights_sitenote_category":0,"footnotes":""},"categories":[11],"tags":[],"class_list":["post-2758","post","type-post","status-publish","format-standard","has-post-thumbnail","hentry","category-noticias"],"yoast_head":"<!-- This site is optimized with the Yoast SEO plugin v27.5 - https:\/\/yoast.com\/product\/yoast-seo-wordpress\/ -->\n<title>Se escap\u00f3 sobre el final &#8226; Montevideo City Torque<\/title>\n<meta name=\"robots\" content=\"index, follow, max-snippet:-1, max-image-preview:large, max-video-preview:-1\" \/>\n<link rel=\"canonical\" href=\"https:\/\/montevideocitytorque.com\/en\/2023\/11\/se-escapo-sobre-el-final\/\" \/>\n<meta property=\"og:locale\" content=\"en_GB\" \/>\n<meta property=\"og:type\" content=\"article\" \/>\n<meta property=\"og:title\" content=\"Se escap\u00f3 sobre el final &#8226; Montevideo City Torque\" \/>\n<meta property=\"og:description\" content=\"Bajo un diluvio se disput\u00f3 el partido de la novena fecha entre Montevideo City Torque y Plaza Colonia este viernes [\u2026]\" \/>\n<meta property=\"og:url\" content=\"https:\/\/montevideocitytorque.com\/en\/2023\/11\/se-escapo-sobre-el-final\/\" \/>\n<meta property=\"og:site_name\" content=\"Montevideo City Torque\" \/>\n<meta property=\"article:publisher\" content=\"https:\/\/www.facebook.com\/mvdcitytorque\" \/>\n<meta property=\"article:published_time\" content=\"2023-11-11T15:26:10+00:00\" \/>\n<meta property=\"article:modified_time\" content=\"2023-11-11T15:26:11+00:00\" \/>\n<meta property=\"og:image\" content=\"https:\/\/63s6d1.a2cdn1.secureserver.net\/wp-content\/uploads\/2023\/11\/WhatsApp-Image-2023-11-11-at-01.10.33-e1699716364422.jpeg?time=1732027240\" \/>\n\t<meta property=\"og:image:width\" content=\"2048\" \/>\n\t<meta property=\"og:image:height\" content=\"1364\" \/>\n\t<meta property=\"og:image:type\" content=\"image\/jpeg\" \/>\n<meta name=\"author\" content=\"Mariano Duran\" \/>\n<meta name=\"twitter:card\" content=\"summary_large_image\" \/>\n<meta name=\"twitter:creator\" content=\"@mvdcitytorque\" \/>\n<meta name=\"twitter:site\" content=\"@mvdcitytorque\" \/>\n<meta name=\"twitter:label1\" content=\"Written by\" \/>\n\t<meta name=\"twitter:data1\" content=\"Mariano Duran\" \/>\n\t<meta name=\"twitter:label2\" content=\"Estimated reading time\" \/>\n\t<meta name=\"twitter:data2\" content=\"1 minute\" \/>\n<script type=\"application\/ld+json\" class=\"yoast-schema-graph\">{\"@context\":\"https:\\\/\\\/schema.org\",\"@graph\":[{\"@type\":\"Article\",\"@id\":\"https:\\\/\\\/montevideocitytorque.com\\\/2023\\\/11\\\/se-escapo-sobre-el-final\\\/#article\",\"isPartOf\":{\"@id\":\"https:\\\/\\\/montevideocitytorque.com\\\/2023\\\/11\\\/se-escapo-sobre-el-final\\\/\"},\"author\":{\"name\":\"Mariano Duran\",\"@id\":\"https:\\\/\\\/montevideocitytorque.com\\\/#\\\/schema\\\/person\\\/767b0ab6b1967bddefea5bc8e8e94c6f\"},\"headline\":\"Se escap\u00f3 sobre el final\",\"datePublished\":\"2023-11-11T15:26:10+00:00\",\"dateModified\":\"2023-11-11T15:26:11+00:00\",\"mainEntityOfPage\":{\"@id\":\"https:\\\/\\\/montevideocitytorque.com\\\/2023\\\/11\\\/se-escapo-sobre-el-final\\\/\"},\"wordCount\":165,\"publisher\":{\"@id\":\"https:\\\/\\\/montevideocitytorque.com\\\/#organization\"},\"image\":{\"@id\":\"https:\\\/\\\/montevideocitytorque.com\\\/2023\\\/11\\\/se-escapo-sobre-el-final\\\/#primaryimage\"},\"thumbnailUrl\":\"https:\\\/\\\/montevideocitytorque.com\\\/wp-content\\\/uploads\\\/2023\\\/11\\\/WhatsApp-Image-2023-11-11-at-01.10.33-e1699716364422.jpeg\",\"articleSection\":[\"Noticias\"],\"inLanguage\":\"en-GB\"},{\"@type\":\"WebPage\",\"@id\":\"https:\\\/\\\/montevideocitytorque.com\\\/2023\\\/11\\\/se-escapo-sobre-el-final\\\/\",\"url\":\"https:\\\/\\\/montevideocitytorque.com\\\/2023\\\/11\\\/se-escapo-sobre-el-final\\\/\",\"name\":\"Se escap\u00f3 sobre el final &#8226; Montevideo City Torque\",\"isPartOf\":{\"@id\":\"https:\\\/\\\/montevideocitytorque.com\\\/#website\"},\"primaryImageOfPage\":{\"@id\":\"https:\\\/\\\/montevideocitytorque.com\\\/2023\\\/11\\\/se-escapo-sobre-el-final\\\/#primaryimage\"},\"image\":{\"@id\":\"https:\\\/\\\/montevideocitytorque.com\\\/2023\\\/11\\\/se-escapo-sobre-el-final\\\/#primaryimage\"},\"thumbnailUrl\":\"https:\\\/\\\/montevideocitytorque.com\\\/wp-content\\\/uploads\\\/2023\\\/11\\\/WhatsApp-Image-2023-11-11-at-01.10.33-e1699716364422.jpeg\",\"datePublished\":\"2023-11-11T15:26:10+00:00\",\"dateModified\":\"2023-11-11T15:26:11+00:00\",\"breadcrumb\":{\"@id\":\"https:\\\/\\\/montevideocitytorque.com\\\/2023\\\/11\\\/se-escapo-sobre-el-final\\\/#breadcrumb\"},\"inLanguage\":\"en-GB\",\"potentialAction\":[{\"@type\":\"ReadAction\",\"target\":[\"https:\\\/\\\/montevideocitytorque.com\\\/2023\\\/11\\\/se-escapo-sobre-el-final\\\/\"]}]},{\"@type\":\"ImageObject\",\"inLanguage\":\"en-GB\",\"@id\":\"https:\\\/\\\/montevideocitytorque.com\\\/2023\\\/11\\\/se-escapo-sobre-el-final\\\/#primaryimage\",\"url\":\"https:\\\/\\\/montevideocitytorque.com\\\/wp-content\\\/uploads\\\/2023\\\/11\\\/WhatsApp-Image-2023-11-11-at-01.10.33-e1699716364422.jpeg\",\"contentUrl\":\"https:\\\/\\\/montevideocitytorque.com\\\/wp-content\\\/uploads\\\/2023\\\/11\\\/WhatsApp-Image-2023-11-11-at-01.10.33-e1699716364422.jpeg\",\"width\":2048,\"height\":1364},{\"@type\":\"BreadcrumbList\",\"@id\":\"https:\\\/\\\/montevideocitytorque.com\\\/2023\\\/11\\\/se-escapo-sobre-el-final\\\/#breadcrumb\",\"itemListElement\":[{\"@type\":\"ListItem\",\"position\":1,\"name\":\"Home\",\"item\":\"https:\\\/\\\/montevideocitytorque.com\\\/\"},{\"@type\":\"ListItem\",\"position\":2,\"name\":\"Se escap\u00f3 sobre el final\"}]},{\"@type\":\"WebSite\",\"@id\":\"https:\\\/\\\/montevideocitytorque.com\\\/#website\",\"url\":\"https:\\\/\\\/montevideocitytorque.com\\\/\",\"name\":\"Montevideo City Torque\",\"description\":\"\",\"publisher\":{\"@id\":\"https:\\\/\\\/montevideocitytorque.com\\\/#organization\"},\"potentialAction\":[{\"@type\":\"SearchAction\",\"target\":{\"@type\":\"EntryPoint\",\"urlTemplate\":\"https:\\\/\\\/montevideocitytorque.com\\\/?s={search_term_string}\"},\"query-input\":{\"@type\":\"PropertyValueSpecification\",\"valueRequired\":true,\"valueName\":\"search_term_string\"}}],\"inLanguage\":\"en-GB\"},{\"@type\":\"Organization\",\"@id\":\"https:\\\/\\\/montevideocitytorque.com\\\/#organization\",\"name\":\"Montevideo City Torque\",\"url\":\"https:\\\/\\\/montevideocitytorque.com\\\/\",\"logo\":{\"@type\":\"ImageObject\",\"inLanguage\":\"en-GB\",\"@id\":\"https:\\\/\\\/montevideocitytorque.com\\\/#\\\/schema\\\/logo\\\/image\\\/\",\"url\":\"https:\\\/\\\/63s6d1.a2cdn1.secureserver.net\\\/wp-content\\\/uploads\\\/2020\\\/01\\\/escudo-1.png?time=1681308104\",\"contentUrl\":\"https:\\\/\\\/63s6d1.a2cdn1.secureserver.net\\\/wp-content\\\/uploads\\\/2020\\\/01\\\/escudo-1.png?time=1681308104\",\"width\":473,\"height\":473,\"caption\":\"Montevideo City Torque\"},\"image\":{\"@id\":\"https:\\\/\\\/montevideocitytorque.com\\\/#\\\/schema\\\/logo\\\/image\\\/\"},\"sameAs\":[\"https:\\\/\\\/www.facebook.com\\\/mvdcitytorque\",\"https:\\\/\\\/x.com\\\/mvdcitytorque\"]},{\"@type\":\"Person\",\"@id\":\"https:\\\/\\\/montevideocitytorque.com\\\/#\\\/schema\\\/person\\\/767b0ab6b1967bddefea5bc8e8e94c6f\",\"name\":\"Mariano Duran\"}]}<\/script>\n<!-- \/ Yoast SEO plugin. -->","yoast_head_json":{"title":"Se escap\u00f3 sobre el final &#8226; Montevideo City Torque","robots":{"index":"index","follow":"follow","max-snippet":"max-snippet:-1","max-image-preview":"max-image-preview:large","max-video-preview":"max-video-preview:-1"},"canonical":"https:\/\/montevideocitytorque.com\/en\/2023\/11\/se-escapo-sobre-el-final\/","og_locale":"en_GB","og_type":"article","og_title":"Se escap\u00f3 sobre el final &#8226; Montevideo City Torque","og_description":"Bajo un diluvio se disput\u00f3 el partido de la novena fecha entre Montevideo City Torque y Plaza Colonia este viernes [\u2026]","og_url":"https:\/\/montevideocitytorque.com\/en\/2023\/11\/se-escapo-sobre-el-final\/","og_site_name":"Montevideo City Torque","article_publisher":"https:\/\/www.facebook.com\/mvdcitytorque","article_published_time":"2023-11-11T15:26:10+00:00","article_modified_time":"2023-11-11T15:26:11+00:00","og_image":[{"width":2048,"height":1364,"url":"https:\/\/63s6d1.a2cdn1.secureserver.net\/wp-content\/uploads\/2023\/11\/WhatsApp-Image-2023-11-11-at-01.10.33-e1699716364422.jpeg?time=1732027240","type":"image\/jpeg"}],"author":"Mariano Duran","twitter_card":"summary_large_image","twitter_creator":"@mvdcitytorque","twitter_site":"@mvdcitytorque","twitter_misc":{"Written by":"Mariano Duran","Estimated reading time":"1 minute"},"schema":{"@context":"https:\/\/schema.org","@graph":[{"@type":"Article","@id":"https:\/\/montevideocitytorque.com\/2023\/11\/se-escapo-sobre-el-final\/#article","isPartOf":{"@id":"https:\/\/montevideocitytorque.com\/2023\/11\/se-escapo-sobre-el-final\/"},"author":{"name":"Mariano Duran","@id":"https:\/\/montevideocitytorque.com\/#\/schema\/person\/767b0ab6b1967bddefea5bc8e8e94c6f"},"headline":"Se escap\u00f3 sobre el final","datePublished":"2023-11-11T15:26:10+00:00","dateModified":"2023-11-11T15:26:11+00:00","mainEntityOfPage":{"@id":"https:\/\/montevideocitytorque.com\/2023\/11\/se-escapo-sobre-el-final\/"},"wordCount":165,"publisher":{"@id":"https:\/\/montevideocitytorque.com\/#organization"},"image":{"@id":"https:\/\/montevideocitytorque.com\/2023\/11\/se-escapo-sobre-el-final\/#primaryimage"},"thumbnailUrl":"https:\/\/montevideocitytorque.com\/wp-content\/uploads\/2023\/11\/WhatsApp-Image-2023-11-11-at-01.10.33-e1699716364422.jpeg","articleSection":["Noticias"],"inLanguage":"en-GB"},{"@type":"WebPage","@id":"https:\/\/montevideocitytorque.com\/2023\/11\/se-escapo-sobre-el-final\/","url":"https:\/\/montevideocitytorque.com\/2023\/11\/se-escapo-sobre-el-final\/","name":"Se escap\u00f3 sobre el final &#8226; Montevideo City Torque","isPartOf":{"@id":"https:\/\/montevideocitytorque.com\/#website"},"primaryImageOfPage":{"@id":"https:\/\/montevideocitytorque.com\/2023\/11\/se-escapo-sobre-el-final\/#primaryimage"},"image":{"@id":"https:\/\/montevideocitytorque.com\/2023\/11\/se-escapo-sobre-el-final\/#primaryimage"},"thumbnailUrl":"https:\/\/montevideocitytorque.com\/wp-content\/uploads\/2023\/11\/WhatsApp-Image-2023-11-11-at-01.10.33-e1699716364422.jpeg","datePublished":"2023-11-11T15:26:10+00:00","dateModified":"2023-11-11T15:26:11+00:00","breadcrumb":{"@id":"https:\/\/montevideocitytorque.com\/2023\/11\/se-escapo-sobre-el-final\/#breadcrumb"},"inLanguage":"en-GB","potentialAction":[{"@type":"ReadAction","target":["https:\/\/montevideocitytorque.com\/2023\/11\/se-escapo-sobre-el-final\/"]}]},{"@type":"ImageObject","inLanguage":"en-GB","@id":"https:\/\/montevideocitytorque.com\/2023\/11\/se-escapo-sobre-el-final\/#primaryimage","url":"https:\/\/montevideocitytorque.com\/wp-content\/uploads\/2023\/11\/WhatsApp-Image-2023-11-11-at-01.10.33-e1699716364422.jpeg","contentUrl":"https:\/\/montevideocitytorque.com\/wp-content\/uploads\/2023\/11\/WhatsApp-Image-2023-11-11-at-01.10.33-e1699716364422.jpeg","width":2048,"height":1364},{"@type":"BreadcrumbList","@id":"https:\/\/montevideocitytorque.com\/2023\/11\/se-escapo-sobre-el-final\/#breadcrumb","itemListElement":[{"@type":"ListItem","position":1,"name":"Home","item":"https:\/\/montevideocitytorque.com\/"},{"@type":"ListItem","position":2,"name":"Se escap\u00f3 sobre el final"}]},{"@type":"WebSite","@id":"https:\/\/montevideocitytorque.com\/#website","url":"https:\/\/montevideocitytorque.com\/","name":"Montevideo City Torque","description":"","publisher":{"@id":"https:\/\/montevideocitytorque.com\/#organization"},"potentialAction":[{"@type":"SearchAction","target":{"@type":"EntryPoint","urlTemplate":"https:\/\/montevideocitytorque.com\/?s={search_term_string}"},"query-input":{"@type":"PropertyValueSpecification","valueRequired":true,"valueName":"search_term_string"}}],"inLanguage":"en-GB"},{"@type":"Organization","@id":"https:\/\/montevideocitytorque.com\/#organization","name":"Montevideo City Torque","url":"https:\/\/montevideocitytorque.com\/","logo":{"@type":"ImageObject","inLanguage":"en-GB","@id":"https:\/\/montevideocitytorque.com\/#\/schema\/logo\/image\/","url":"https:\/\/63s6d1.a2cdn1.secureserver.net\/wp-content\/uploads\/2020\/01\/escudo-1.png?time=1681308104","contentUrl":"https:\/\/63s6d1.a2cdn1.secureserver.net\/wp-content\/uploads\/2020\/01\/escudo-1.png?time=1681308104","width":473,"height":473,"caption":"Montevideo City Torque"},"image":{"@id":"https:\/\/montevideocitytorque.com\/#\/schema\/logo\/image\/"},"sameAs":["https:\/\/www.facebook.com\/mvdcitytorque","https:\/\/x.com\/mvdcitytorque"]},{"@type":"Person","@id":"https:\/\/montevideocitytorque.com\/#\/schema\/person\/767b0ab6b1967bddefea5bc8e8e94c6f","name":"Mariano Duran"}]}},"_links":{"self":[{"href":"https:\/\/montevideocitytorque.com\/en\/wp-json\/wp\/v2\/posts\/2758","targetHints":{"allow":["GET"]}}],"collection":[{"href":"https:\/\/montevideocitytorque.com\/en\/wp-json\/wp\/v2\/posts"}],"about":[{"href":"https:\/\/montevideocitytorque.com\/en\/wp-json\/wp\/v2\/types\/post"}],"author":[{"embeddable":true,"href":"https:\/\/montevideocitytorque.com\/en\/wp-json\/wp\/v2\/users\/12"}],"replies":[{"embeddable":true,"href":"https:\/\/montevideocitytorque.com\/en\/wp-json\/wp\/v2\/comments?post=2758"}],"version-history":[{"count":1,"href":"https:\/\/montevideocitytorque.com\/en\/wp-json\/wp\/v2\/posts\/2758\/revisions"}],"predecessor-version":[{"id":2760,"href":"https:\/\/montevideocitytorque.com\/en\/wp-json\/wp\/v2\/posts\/2758\/revisions\/2760"}],"wp:featuredmedia":[{"embeddable":true,"href":"https:\/\/montevideocitytorque.com\/en\/wp-json\/wp\/v2\/media\/2759"}],"wp:attachment":[{"href":"https:\/\/montevideocitytorque.com\/en\/wp-json\/wp\/v2\/media?parent=2758"}],"wp:term":[{"taxonomy":"category","embeddable":true,"href":"https:\/\/montevideocitytorque.com\/en\/wp-json\/wp\/v2\/categories?post=2758"},{"taxonomy":"post_tag","embeddable":true,"href":"https:\/\/montevideocitytorque.com\/en\/wp-json\/wp\/v2\/tags?post=2758"}],"curies":[{"name":"wp","href":"https:\/\/api.w.org\/{rel}","templated":true}]}}