{"id":2767,"date":"2023-11-14T22:28:03","date_gmt":"2023-11-14T22:28:03","guid":{"rendered":"https:\/\/montevideocitytorque.com\/?p=2767"},"modified":"2023-11-14T22:29:10","modified_gmt":"2023-11-14T22:29:10","slug":"caimos-ante-racing","status":"publish","type":"post","link":"https:\/\/montevideocitytorque.com\/en\/2023\/11\/caimos-ante-racing\/","title":{"rendered":"Ca\u00edmos ante Racing"},"content":{"rendered":"<p>Montevideo City Torque cay\u00f3 por 1-0 este martes en el Parque Roberto por la d\u00e9cima fecha del Torneo Clausura.<\/p>\n\n\n\n<p>Los Ciudadanos, sin Maxi Villa por expulsi\u00f3n, visitaron Sayago para medirse ante La Escuelita. Con un gol en el segundo tiempo, el local se llev\u00f3 los tres puntos en su cancha. Los de Leo Ramos lo intentaron hasta al final y pusieron el empate a los 96 minutos de la mano de Edu Aguero, pero el VAR lo anul\u00f3 despu\u00e9s de chequear que la pelota rebotara en la mano del defensor.<\/p>\n\n\n\n<p>Por la pr\u00f3xima fecha, recibiremos a Cerro el siguiente s\u00e1bado a las 19 hs en el Estadio Campe\u00f3n del Siglo.<\/p>\n\n\n\n<p><em><strong>Los 11 ante Racing:<\/strong><\/em><\/p>\n\n\n\n<p>55 Gast\u00f3n Guruceaga C<\/p>\n\n\n\n<p>22 Hern\u00e1n Petryk<\/p>\n\n\n\n<p>17 Eduardo Ag\u00fcero<\/p>\n\n\n\n<p>42 Oscar Salom\u00f3n<\/p>\n\n\n\n<p>27 Andrew Teuten<\/p>\n\n\n\n<p>15 Agust\u00edn \u00c1lvarez Wallace<\/p>\n\n\n\n<p>28 Franco Catarozzi<\/p>\n\n\n\n<p>18 Santiago Costa<\/p>\n\n\n\n<p>5 Franco Pizzichillo<\/p>\n\n\n\n<p>10 Tiago Palacios<\/p>\n\n\n\n<p>7 Nicol\u00e1s Siri<\/p>\n\n\n\n<p><strong>Suplentes<\/strong><\/p>\n\n\n\n<p><\/p>\n\n\n\n<p>25 Francisco Tinaglini<\/p>\n\n\n\n<p>3 Joaqu\u00edn Pereyra<\/p>\n\n\n\n<p>99 Renzo Orihuela<\/p>\n\n\n\n<p>26 Tob\u00edas Correa<\/p>\n\n\n\n<p>29 Facundo Rodr\u00edguez<\/p>\n\n\n\n<p>16 Jos\u00e9 \u00c1lvarez<\/p>\n\n\n\n<p>19 Bruno Morales<\/p>\n\n\n\n<p>30 Franco Nicola<\/p>\n\n\n\n<p>98 Ignacio Pereira<\/p>\n\n\n\n<p>9 Sebasti\u00e1n Guerrero<\/p>","protected":false},"excerpt":{"rendered":"<p>Montevideo City Torque cay\u00f3 por 1-0 este martes en el Parque Roberto por la d\u00e9cima fecha del Torneo Clausura. Los<span class=\"excerpt-hellip\"> [\u2026]<\/span><\/p>\n","protected":false},"author":12,"featured_media":2768,"comment_status":"closed","ping_status":"open","sticky":false,"template":"","format":"standard","meta":{"rop_custom_images_group":[],"rop_custom_messages_group":[],"rop_publish_now":"initial","rop_publish_now_accounts":[],"rop_publish_now_history":[],"rop_publish_now_status":"pending","_monsterinsights_skip_tracking":false,"_monsterinsights_sitenote_active":false,"_monsterinsights_sitenote_note":"","_monsterinsights_sitenote_category":0,"footnotes":""},"categories":[11],"tags":[],"class_list":["post-2767","post","type-post","status-publish","format-standard","has-post-thumbnail","hentry","category-noticias"],"yoast_head":"<!-- This site is optimized with the Yoast SEO plugin v27.5 - https:\/\/yoast.com\/product\/yoast-seo-wordpress\/ -->\n<title>Ca\u00edmos ante Racing &#8226; Montevideo City Torque<\/title>\n<meta name=\"robots\" content=\"index, follow, max-snippet:-1, max-image-preview:large, max-video-preview:-1\" \/>\n<link rel=\"canonical\" href=\"https:\/\/montevideocitytorque.com\/en\/2023\/11\/caimos-ante-racing\/\" \/>\n<meta property=\"og:locale\" content=\"en_GB\" \/>\n<meta property=\"og:type\" content=\"article\" \/>\n<meta property=\"og:title\" content=\"Ca\u00edmos ante Racing &#8226; Montevideo City Torque\" \/>\n<meta property=\"og:description\" content=\"Montevideo City Torque cay\u00f3 por 1-0 este martes en el Parque Roberto por la d\u00e9cima fecha del Torneo Clausura. Los [\u2026]\" \/>\n<meta property=\"og:url\" content=\"https:\/\/montevideocitytorque.com\/en\/2023\/11\/caimos-ante-racing\/\" \/>\n<meta property=\"og:site_name\" content=\"Montevideo City Torque\" \/>\n<meta property=\"article:publisher\" content=\"https:\/\/www.facebook.com\/mvdcitytorque\" \/>\n<meta property=\"article:published_time\" content=\"2023-11-14T22:28:03+00:00\" \/>\n<meta property=\"article:modified_time\" content=\"2023-11-14T22:29:10+00:00\" \/>\n<meta property=\"og:image\" content=\"https:\/\/63s6d1.a2cdn1.secureserver.net\/wp-content\/uploads\/2023\/11\/14112023-Racing-MCT-0247-e1700000876845.jpg?time=1732027240\" \/>\n\t<meta property=\"og:image:width\" content=\"2500\" \/>\n\t<meta property=\"og:image:height\" content=\"1666\" \/>\n\t<meta property=\"og:image:type\" content=\"image\/jpeg\" \/>\n<meta name=\"author\" content=\"Mariano Duran\" \/>\n<meta name=\"twitter:card\" content=\"summary_large_image\" \/>\n<meta name=\"twitter:creator\" content=\"@mvdcitytorque\" \/>\n<meta name=\"twitter:site\" content=\"@mvdcitytorque\" \/>\n<meta name=\"twitter:label1\" content=\"Written by\" \/>\n\t<meta name=\"twitter:data1\" content=\"Mariano Duran\" \/>\n\t<meta name=\"twitter:label2\" content=\"Estimated reading time\" \/>\n\t<meta name=\"twitter:data2\" content=\"1 minute\" \/>\n<script type=\"application\/ld+json\" class=\"yoast-schema-graph\">{\"@context\":\"https:\\\/\\\/schema.org\",\"@graph\":[{\"@type\":\"Article\",\"@id\":\"https:\\\/\\\/montevideocitytorque.com\\\/en\\\/2023\\\/11\\\/caimos-ante-racing\\\/#article\",\"isPartOf\":{\"@id\":\"https:\\\/\\\/montevideocitytorque.com\\\/en\\\/2023\\\/11\\\/caimos-ante-racing\\\/\"},\"author\":{\"name\":\"Mariano Duran\",\"@id\":\"https:\\\/\\\/montevideocitytorque.com\\\/#\\\/schema\\\/person\\\/767b0ab6b1967bddefea5bc8e8e94c6f\"},\"headline\":\"Ca\u00edmos ante Racing\",\"datePublished\":\"2023-11-14T22:28:03+00:00\",\"dateModified\":\"2023-11-14T22:29:10+00:00\",\"mainEntityOfPage\":{\"@id\":\"https:\\\/\\\/montevideocitytorque.com\\\/en\\\/2023\\\/11\\\/caimos-ante-racing\\\/\"},\"wordCount\":176,\"publisher\":{\"@id\":\"https:\\\/\\\/montevideocitytorque.com\\\/#organization\"},\"image\":{\"@id\":\"https:\\\/\\\/montevideocitytorque.com\\\/en\\\/2023\\\/11\\\/caimos-ante-racing\\\/#primaryimage\"},\"thumbnailUrl\":\"https:\\\/\\\/montevideocitytorque.com\\\/wp-content\\\/uploads\\\/2023\\\/11\\\/14112023-Racing-MCT-0247-e1700000876845.jpg\",\"articleSection\":[\"Noticias\"],\"inLanguage\":\"en-GB\"},{\"@type\":\"WebPage\",\"@id\":\"https:\\\/\\\/montevideocitytorque.com\\\/en\\\/2023\\\/11\\\/caimos-ante-racing\\\/\",\"url\":\"https:\\\/\\\/montevideocitytorque.com\\\/en\\\/2023\\\/11\\\/caimos-ante-racing\\\/\",\"name\":\"Ca\u00edmos ante Racing &#8226; Montevideo City Torque\",\"isPartOf\":{\"@id\":\"https:\\\/\\\/montevideocitytorque.com\\\/#website\"},\"primaryImageOfPage\":{\"@id\":\"https:\\\/\\\/montevideocitytorque.com\\\/en\\\/2023\\\/11\\\/caimos-ante-racing\\\/#primaryimage\"},\"image\":{\"@id\":\"https:\\\/\\\/montevideocitytorque.com\\\/en\\\/2023\\\/11\\\/caimos-ante-racing\\\/#primaryimage\"},\"thumbnailUrl\":\"https:\\\/\\\/montevideocitytorque.com\\\/wp-content\\\/uploads\\\/2023\\\/11\\\/14112023-Racing-MCT-0247-e1700000876845.jpg\",\"datePublished\":\"2023-11-14T22:28:03+00:00\",\"dateModified\":\"2023-11-14T22:29:10+00:00\",\"breadcrumb\":{\"@id\":\"https:\\\/\\\/montevideocitytorque.com\\\/en\\\/2023\\\/11\\\/caimos-ante-racing\\\/#breadcrumb\"},\"inLanguage\":\"en-GB\",\"potentialAction\":[{\"@type\":\"ReadAction\",\"target\":[\"https:\\\/\\\/montevideocitytorque.com\\\/en\\\/2023\\\/11\\\/caimos-ante-racing\\\/\"]}]},{\"@type\":\"ImageObject\",\"inLanguage\":\"en-GB\",\"@id\":\"https:\\\/\\\/montevideocitytorque.com\\\/en\\\/2023\\\/11\\\/caimos-ante-racing\\\/#primaryimage\",\"url\":\"https:\\\/\\\/montevideocitytorque.com\\\/wp-content\\\/uploads\\\/2023\\\/11\\\/14112023-Racing-MCT-0247-e1700000876845.jpg\",\"contentUrl\":\"https:\\\/\\\/montevideocitytorque.com\\\/wp-content\\\/uploads\\\/2023\\\/11\\\/14112023-Racing-MCT-0247-e1700000876845.jpg\",\"width\":2500,\"height\":1666},{\"@type\":\"BreadcrumbList\",\"@id\":\"https:\\\/\\\/montevideocitytorque.com\\\/en\\\/2023\\\/11\\\/caimos-ante-racing\\\/#breadcrumb\",\"itemListElement\":[{\"@type\":\"ListItem\",\"position\":1,\"name\":\"Home\",\"item\":\"https:\\\/\\\/montevideocitytorque.com\\\/\"},{\"@type\":\"ListItem\",\"position\":2,\"name\":\"Ca\u00edmos ante Racing\"}]},{\"@type\":\"WebSite\",\"@id\":\"https:\\\/\\\/montevideocitytorque.com\\\/#website\",\"url\":\"https:\\\/\\\/montevideocitytorque.com\\\/\",\"name\":\"Montevideo City Torque\",\"description\":\"\",\"publisher\":{\"@id\":\"https:\\\/\\\/montevideocitytorque.com\\\/#organization\"},\"potentialAction\":[{\"@type\":\"SearchAction\",\"target\":{\"@type\":\"EntryPoint\",\"urlTemplate\":\"https:\\\/\\\/montevideocitytorque.com\\\/?s={search_term_string}\"},\"query-input\":{\"@type\":\"PropertyValueSpecification\",\"valueRequired\":true,\"valueName\":\"search_term_string\"}}],\"inLanguage\":\"en-GB\"},{\"@type\":\"Organization\",\"@id\":\"https:\\\/\\\/montevideocitytorque.com\\\/#organization\",\"name\":\"Montevideo City Torque\",\"url\":\"https:\\\/\\\/montevideocitytorque.com\\\/\",\"logo\":{\"@type\":\"ImageObject\",\"inLanguage\":\"en-GB\",\"@id\":\"https:\\\/\\\/montevideocitytorque.com\\\/#\\\/schema\\\/logo\\\/image\\\/\",\"url\":\"https:\\\/\\\/63s6d1.a2cdn1.secureserver.net\\\/wp-content\\\/uploads\\\/2020\\\/01\\\/escudo-1.png?time=1681308104\",\"contentUrl\":\"https:\\\/\\\/63s6d1.a2cdn1.secureserver.net\\\/wp-content\\\/uploads\\\/2020\\\/01\\\/escudo-1.png?time=1681308104\",\"width\":473,\"height\":473,\"caption\":\"Montevideo City Torque\"},\"image\":{\"@id\":\"https:\\\/\\\/montevideocitytorque.com\\\/#\\\/schema\\\/logo\\\/image\\\/\"},\"sameAs\":[\"https:\\\/\\\/www.facebook.com\\\/mvdcitytorque\",\"https:\\\/\\\/x.com\\\/mvdcitytorque\"]},{\"@type\":\"Person\",\"@id\":\"https:\\\/\\\/montevideocitytorque.com\\\/#\\\/schema\\\/person\\\/767b0ab6b1967bddefea5bc8e8e94c6f\",\"name\":\"Mariano Duran\"}]}<\/script>\n<!-- \/ Yoast SEO plugin. -->","yoast_head_json":{"title":"Ca\u00edmos ante Racing &#8226; Montevideo City Torque","robots":{"index":"index","follow":"follow","max-snippet":"max-snippet:-1","max-image-preview":"max-image-preview:large","max-video-preview":"max-video-preview:-1"},"canonical":"https:\/\/montevideocitytorque.com\/en\/2023\/11\/caimos-ante-racing\/","og_locale":"en_GB","og_type":"article","og_title":"Ca\u00edmos ante Racing &#8226; Montevideo City Torque","og_description":"Montevideo City Torque cay\u00f3 por 1-0 este martes en el Parque Roberto por la d\u00e9cima fecha del Torneo Clausura. Los [\u2026]","og_url":"https:\/\/montevideocitytorque.com\/en\/2023\/11\/caimos-ante-racing\/","og_site_name":"Montevideo City Torque","article_publisher":"https:\/\/www.facebook.com\/mvdcitytorque","article_published_time":"2023-11-14T22:28:03+00:00","article_modified_time":"2023-11-14T22:29:10+00:00","og_image":[{"width":2500,"height":1666,"url":"https:\/\/63s6d1.a2cdn1.secureserver.net\/wp-content\/uploads\/2023\/11\/14112023-Racing-MCT-0247-e1700000876845.jpg?time=1732027240","type":"image\/jpeg"}],"author":"Mariano Duran","twitter_card":"summary_large_image","twitter_creator":"@mvdcitytorque","twitter_site":"@mvdcitytorque","twitter_misc":{"Written by":"Mariano Duran","Estimated reading time":"1 minute"},"schema":{"@context":"https:\/\/schema.org","@graph":[{"@type":"Article","@id":"https:\/\/montevideocitytorque.com\/en\/2023\/11\/caimos-ante-racing\/#article","isPartOf":{"@id":"https:\/\/montevideocitytorque.com\/en\/2023\/11\/caimos-ante-racing\/"},"author":{"name":"Mariano Duran","@id":"https:\/\/montevideocitytorque.com\/#\/schema\/person\/767b0ab6b1967bddefea5bc8e8e94c6f"},"headline":"Ca\u00edmos ante Racing","datePublished":"2023-11-14T22:28:03+00:00","dateModified":"2023-11-14T22:29:10+00:00","mainEntityOfPage":{"@id":"https:\/\/montevideocitytorque.com\/en\/2023\/11\/caimos-ante-racing\/"},"wordCount":176,"publisher":{"@id":"https:\/\/montevideocitytorque.com\/#organization"},"image":{"@id":"https:\/\/montevideocitytorque.com\/en\/2023\/11\/caimos-ante-racing\/#primaryimage"},"thumbnailUrl":"https:\/\/montevideocitytorque.com\/wp-content\/uploads\/2023\/11\/14112023-Racing-MCT-0247-e1700000876845.jpg","articleSection":["Noticias"],"inLanguage":"en-GB"},{"@type":"WebPage","@id":"https:\/\/montevideocitytorque.com\/en\/2023\/11\/caimos-ante-racing\/","url":"https:\/\/montevideocitytorque.com\/en\/2023\/11\/caimos-ante-racing\/","name":"Ca\u00edmos ante Racing &#8226; Montevideo City Torque","isPartOf":{"@id":"https:\/\/montevideocitytorque.com\/#website"},"primaryImageOfPage":{"@id":"https:\/\/montevideocitytorque.com\/en\/2023\/11\/caimos-ante-racing\/#primaryimage"},"image":{"@id":"https:\/\/montevideocitytorque.com\/en\/2023\/11\/caimos-ante-racing\/#primaryimage"},"thumbnailUrl":"https:\/\/montevideocitytorque.com\/wp-content\/uploads\/2023\/11\/14112023-Racing-MCT-0247-e1700000876845.jpg","datePublished":"2023-11-14T22:28:03+00:00","dateModified":"2023-11-14T22:29:10+00:00","breadcrumb":{"@id":"https:\/\/montevideocitytorque.com\/en\/2023\/11\/caimos-ante-racing\/#breadcrumb"},"inLanguage":"en-GB","potentialAction":[{"@type":"ReadAction","target":["https:\/\/montevideocitytorque.com\/en\/2023\/11\/caimos-ante-racing\/"]}]},{"@type":"ImageObject","inLanguage":"en-GB","@id":"https:\/\/montevideocitytorque.com\/en\/2023\/11\/caimos-ante-racing\/#primaryimage","url":"https:\/\/montevideocitytorque.com\/wp-content\/uploads\/2023\/11\/14112023-Racing-MCT-0247-e1700000876845.jpg","contentUrl":"https:\/\/montevideocitytorque.com\/wp-content\/uploads\/2023\/11\/14112023-Racing-MCT-0247-e1700000876845.jpg","width":2500,"height":1666},{"@type":"BreadcrumbList","@id":"https:\/\/montevideocitytorque.com\/en\/2023\/11\/caimos-ante-racing\/#breadcrumb","itemListElement":[{"@type":"ListItem","position":1,"name":"Home","item":"https:\/\/montevideocitytorque.com\/"},{"@type":"ListItem","position":2,"name":"Ca\u00edmos ante Racing"}]},{"@type":"WebSite","@id":"https:\/\/montevideocitytorque.com\/#website","url":"https:\/\/montevideocitytorque.com\/","name":"Montevideo City Torque","description":"","publisher":{"@id":"https:\/\/montevideocitytorque.com\/#organization"},"potentialAction":[{"@type":"SearchAction","target":{"@type":"EntryPoint","urlTemplate":"https:\/\/montevideocitytorque.com\/?s={search_term_string}"},"query-input":{"@type":"PropertyValueSpecification","valueRequired":true,"valueName":"search_term_string"}}],"inLanguage":"en-GB"},{"@type":"Organization","@id":"https:\/\/montevideocitytorque.com\/#organization","name":"Montevideo City Torque","url":"https:\/\/montevideocitytorque.com\/","logo":{"@type":"ImageObject","inLanguage":"en-GB","@id":"https:\/\/montevideocitytorque.com\/#\/schema\/logo\/image\/","url":"https:\/\/63s6d1.a2cdn1.secureserver.net\/wp-content\/uploads\/2020\/01\/escudo-1.png?time=1681308104","contentUrl":"https:\/\/63s6d1.a2cdn1.secureserver.net\/wp-content\/uploads\/2020\/01\/escudo-1.png?time=1681308104","width":473,"height":473,"caption":"Montevideo City Torque"},"image":{"@id":"https:\/\/montevideocitytorque.com\/#\/schema\/logo\/image\/"},"sameAs":["https:\/\/www.facebook.com\/mvdcitytorque","https:\/\/x.com\/mvdcitytorque"]},{"@type":"Person","@id":"https:\/\/montevideocitytorque.com\/#\/schema\/person\/767b0ab6b1967bddefea5bc8e8e94c6f","name":"Mariano Duran"}]}},"_links":{"self":[{"href":"https:\/\/montevideocitytorque.com\/en\/wp-json\/wp\/v2\/posts\/2767","targetHints":{"allow":["GET"]}}],"collection":[{"href":"https:\/\/montevideocitytorque.com\/en\/wp-json\/wp\/v2\/posts"}],"about":[{"href":"https:\/\/montevideocitytorque.com\/en\/wp-json\/wp\/v2\/types\/post"}],"author":[{"embeddable":true,"href":"https:\/\/montevideocitytorque.com\/en\/wp-json\/wp\/v2\/users\/12"}],"replies":[{"embeddable":true,"href":"https:\/\/montevideocitytorque.com\/en\/wp-json\/wp\/v2\/comments?post=2767"}],"version-history":[{"count":3,"href":"https:\/\/montevideocitytorque.com\/en\/wp-json\/wp\/v2\/posts\/2767\/revisions"}],"predecessor-version":[{"id":2771,"href":"https:\/\/montevideocitytorque.com\/en\/wp-json\/wp\/v2\/posts\/2767\/revisions\/2771"}],"wp:featuredmedia":[{"embeddable":true,"href":"https:\/\/montevideocitytorque.com\/en\/wp-json\/wp\/v2\/media\/2768"}],"wp:attachment":[{"href":"https:\/\/montevideocitytorque.com\/en\/wp-json\/wp\/v2\/media?parent=2767"}],"wp:term":[{"taxonomy":"category","embeddable":true,"href":"https:\/\/montevideocitytorque.com\/en\/wp-json\/wp\/v2\/categories?post=2767"},{"taxonomy":"post_tag","embeddable":true,"href":"https:\/\/montevideocitytorque.com\/en\/wp-json\/wp\/v2\/tags?post=2767"}],"curies":[{"name":"wp","href":"https:\/\/api.w.org\/{rel}","templated":true}]}}