{"id":3189,"date":"2024-09-12T13:55:51","date_gmt":"2024-09-12T13:55:51","guid":{"rendered":"https:\/\/montevideocitytorque.com\/?p=3189"},"modified":"2024-09-12T13:55:53","modified_gmt":"2024-09-12T13:55:53","slug":"volvio-la-magia-2","status":"publish","type":"post","link":"https:\/\/montevideocitytorque.com\/en\/2024\/09\/volvio-la-magia-2\/","title":{"rendered":"Volvi\u00f3 la magia"},"content":{"rendered":"<p>Nuestro exjugador, Tiago Palacios, visit\u00f3 La Academia este mi\u00e9rcoles tras vivir la experiencia de ser convocado a la selecci\u00f3n uruguaya mayor por Marcelo Bielsa.<\/p>\n\n\n\n<p>El ahora futbolista de Estudiantes de La Plata intreg\u00f3 el plantel de La Celeste ante Venezuela y Paraguay por las Eliminatorias Rumbo al Mundial 2026. Luego regres\u00f3 al pa\u00eds para visitar las instalaciones de Montevideo City Torque y saludar a su excompa\u00f1eros.<\/p>\n\n\n\n<p><strong><em>El 10 PRESENTE<\/em><\/strong><\/p>","protected":false},"excerpt":{"rendered":"<p>Nuestro exjugador, Tiago Palacios, visit\u00f3 La Academia este mi\u00e9rcoles tras vivir la experiencia de ser convocado a la selecci\u00f3n uruguaya<span class=\"excerpt-hellip\"> [\u2026]<\/span><\/p>\n","protected":false},"author":12,"featured_media":3190,"comment_status":"closed","ping_status":"open","sticky":false,"template":"","format":"standard","meta":{"rop_custom_images_group":[],"rop_custom_messages_group":[],"rop_publish_now":"initial","rop_publish_now_accounts":[],"rop_publish_now_history":[],"rop_publish_now_status":"pending","_monsterinsights_skip_tracking":false,"_monsterinsights_sitenote_active":false,"_monsterinsights_sitenote_note":"","_monsterinsights_sitenote_category":0,"footnotes":""},"categories":[12,11],"tags":[],"class_list":["post-3189","post","type-post","status-publish","format-standard","has-post-thumbnail","hentry","category-citycomunidad","category-noticias"],"yoast_head":"<!-- This site is optimized with the Yoast SEO plugin v27.5 - https:\/\/yoast.com\/product\/yoast-seo-wordpress\/ -->\n<title>Volvi\u00f3 la magia &#8226; Montevideo City Torque<\/title>\n<meta name=\"robots\" content=\"index, follow, max-snippet:-1, max-image-preview:large, max-video-preview:-1\" \/>\n<link rel=\"canonical\" href=\"https:\/\/montevideocitytorque.com\/en\/2024\/09\/volvio-la-magia-2\/\" \/>\n<meta property=\"og:locale\" content=\"en_GB\" \/>\n<meta property=\"og:type\" content=\"article\" \/>\n<meta property=\"og:title\" content=\"Volvi\u00f3 la magia &#8226; Montevideo City Torque\" \/>\n<meta property=\"og:description\" content=\"Nuestro exjugador, Tiago Palacios, visit\u00f3 La Academia este mi\u00e9rcoles tras vivir la experiencia de ser convocado a la selecci\u00f3n uruguaya [\u2026]\" \/>\n<meta property=\"og:url\" content=\"https:\/\/montevideocitytorque.com\/en\/2024\/09\/volvio-la-magia-2\/\" \/>\n<meta property=\"og:site_name\" content=\"Montevideo City Torque\" \/>\n<meta property=\"article:publisher\" content=\"https:\/\/www.facebook.com\/mvdcitytorque\" \/>\n<meta property=\"article:published_time\" content=\"2024-09-12T13:55:51+00:00\" \/>\n<meta property=\"article:modified_time\" content=\"2024-09-12T13:55:53+00:00\" \/>\n<meta property=\"og:image\" content=\"https:\/\/63s6d1.a2cdn1.secureserver.net\/wp-content\/uploads\/2024\/09\/WhatsApp-Image-2024-09-12-at-15.54.27-e1726149347700.jpeg?time=1732027240\" \/>\n\t<meta property=\"og:image:width\" content=\"1600\" \/>\n\t<meta property=\"og:image:height\" content=\"1067\" \/>\n\t<meta property=\"og:image:type\" content=\"image\/jpeg\" \/>\n<meta name=\"author\" content=\"Mariano Duran\" \/>\n<meta name=\"twitter:card\" content=\"summary_large_image\" \/>\n<meta name=\"twitter:creator\" content=\"@mvdcitytorque\" \/>\n<meta name=\"twitter:site\" content=\"@mvdcitytorque\" \/>\n<meta name=\"twitter:label1\" content=\"Written by\" \/>\n\t<meta name=\"twitter:data1\" content=\"Mariano Duran\" \/>\n\t<meta name=\"twitter:label2\" content=\"Estimated reading time\" \/>\n\t<meta name=\"twitter:data2\" content=\"1 minute\" \/>\n<script type=\"application\/ld+json\" class=\"yoast-schema-graph\">{\"@context\":\"https:\\\/\\\/schema.org\",\"@graph\":[{\"@type\":\"Article\",\"@id\":\"https:\\\/\\\/montevideocitytorque.com\\\/2024\\\/09\\\/volvio-la-magia-2\\\/#article\",\"isPartOf\":{\"@id\":\"https:\\\/\\\/montevideocitytorque.com\\\/2024\\\/09\\\/volvio-la-magia-2\\\/\"},\"author\":{\"name\":\"Mariano Duran\",\"@id\":\"https:\\\/\\\/montevideocitytorque.com\\\/#\\\/schema\\\/person\\\/767b0ab6b1967bddefea5bc8e8e94c6f\"},\"headline\":\"Volvi\u00f3 la magia\",\"datePublished\":\"2024-09-12T13:55:51+00:00\",\"dateModified\":\"2024-09-12T13:55:53+00:00\",\"mainEntityOfPage\":{\"@id\":\"https:\\\/\\\/montevideocitytorque.com\\\/2024\\\/09\\\/volvio-la-magia-2\\\/\"},\"wordCount\":74,\"publisher\":{\"@id\":\"https:\\\/\\\/montevideocitytorque.com\\\/#organization\"},\"image\":{\"@id\":\"https:\\\/\\\/montevideocitytorque.com\\\/2024\\\/09\\\/volvio-la-magia-2\\\/#primaryimage\"},\"thumbnailUrl\":\"https:\\\/\\\/montevideocitytorque.com\\\/wp-content\\\/uploads\\\/2024\\\/09\\\/WhatsApp-Image-2024-09-12-at-15.54.27-e1726149347700.jpeg\",\"articleSection\":[\"City en la comunidad\",\"Noticias\"],\"inLanguage\":\"en-GB\"},{\"@type\":\"WebPage\",\"@id\":\"https:\\\/\\\/montevideocitytorque.com\\\/2024\\\/09\\\/volvio-la-magia-2\\\/\",\"url\":\"https:\\\/\\\/montevideocitytorque.com\\\/2024\\\/09\\\/volvio-la-magia-2\\\/\",\"name\":\"Volvi\u00f3 la magia &#8226; Montevideo City Torque\",\"isPartOf\":{\"@id\":\"https:\\\/\\\/montevideocitytorque.com\\\/#website\"},\"primaryImageOfPage\":{\"@id\":\"https:\\\/\\\/montevideocitytorque.com\\\/2024\\\/09\\\/volvio-la-magia-2\\\/#primaryimage\"},\"image\":{\"@id\":\"https:\\\/\\\/montevideocitytorque.com\\\/2024\\\/09\\\/volvio-la-magia-2\\\/#primaryimage\"},\"thumbnailUrl\":\"https:\\\/\\\/montevideocitytorque.com\\\/wp-content\\\/uploads\\\/2024\\\/09\\\/WhatsApp-Image-2024-09-12-at-15.54.27-e1726149347700.jpeg\",\"datePublished\":\"2024-09-12T13:55:51+00:00\",\"dateModified\":\"2024-09-12T13:55:53+00:00\",\"breadcrumb\":{\"@id\":\"https:\\\/\\\/montevideocitytorque.com\\\/2024\\\/09\\\/volvio-la-magia-2\\\/#breadcrumb\"},\"inLanguage\":\"en-GB\",\"potentialAction\":[{\"@type\":\"ReadAction\",\"target\":[\"https:\\\/\\\/montevideocitytorque.com\\\/2024\\\/09\\\/volvio-la-magia-2\\\/\"]}]},{\"@type\":\"ImageObject\",\"inLanguage\":\"en-GB\",\"@id\":\"https:\\\/\\\/montevideocitytorque.com\\\/2024\\\/09\\\/volvio-la-magia-2\\\/#primaryimage\",\"url\":\"https:\\\/\\\/montevideocitytorque.com\\\/wp-content\\\/uploads\\\/2024\\\/09\\\/WhatsApp-Image-2024-09-12-at-15.54.27-e1726149347700.jpeg\",\"contentUrl\":\"https:\\\/\\\/montevideocitytorque.com\\\/wp-content\\\/uploads\\\/2024\\\/09\\\/WhatsApp-Image-2024-09-12-at-15.54.27-e1726149347700.jpeg\",\"width\":1600,\"height\":1067},{\"@type\":\"BreadcrumbList\",\"@id\":\"https:\\\/\\\/montevideocitytorque.com\\\/2024\\\/09\\\/volvio-la-magia-2\\\/#breadcrumb\",\"itemListElement\":[{\"@type\":\"ListItem\",\"position\":1,\"name\":\"Home\",\"item\":\"https:\\\/\\\/montevideocitytorque.com\\\/\"},{\"@type\":\"ListItem\",\"position\":2,\"name\":\"Volvi\u00f3 la magia\"}]},{\"@type\":\"WebSite\",\"@id\":\"https:\\\/\\\/montevideocitytorque.com\\\/#website\",\"url\":\"https:\\\/\\\/montevideocitytorque.com\\\/\",\"name\":\"Montevideo City Torque\",\"description\":\"\",\"publisher\":{\"@id\":\"https:\\\/\\\/montevideocitytorque.com\\\/#organization\"},\"potentialAction\":[{\"@type\":\"SearchAction\",\"target\":{\"@type\":\"EntryPoint\",\"urlTemplate\":\"https:\\\/\\\/montevideocitytorque.com\\\/?s={search_term_string}\"},\"query-input\":{\"@type\":\"PropertyValueSpecification\",\"valueRequired\":true,\"valueName\":\"search_term_string\"}}],\"inLanguage\":\"en-GB\"},{\"@type\":\"Organization\",\"@id\":\"https:\\\/\\\/montevideocitytorque.com\\\/#organization\",\"name\":\"Montevideo City Torque\",\"url\":\"https:\\\/\\\/montevideocitytorque.com\\\/\",\"logo\":{\"@type\":\"ImageObject\",\"inLanguage\":\"en-GB\",\"@id\":\"https:\\\/\\\/montevideocitytorque.com\\\/#\\\/schema\\\/logo\\\/image\\\/\",\"url\":\"https:\\\/\\\/63s6d1.a2cdn1.secureserver.net\\\/wp-content\\\/uploads\\\/2020\\\/01\\\/escudo-1.png?time=1681308104\",\"contentUrl\":\"https:\\\/\\\/63s6d1.a2cdn1.secureserver.net\\\/wp-content\\\/uploads\\\/2020\\\/01\\\/escudo-1.png?time=1681308104\",\"width\":473,\"height\":473,\"caption\":\"Montevideo City Torque\"},\"image\":{\"@id\":\"https:\\\/\\\/montevideocitytorque.com\\\/#\\\/schema\\\/logo\\\/image\\\/\"},\"sameAs\":[\"https:\\\/\\\/www.facebook.com\\\/mvdcitytorque\",\"https:\\\/\\\/x.com\\\/mvdcitytorque\"]},{\"@type\":\"Person\",\"@id\":\"https:\\\/\\\/montevideocitytorque.com\\\/#\\\/schema\\\/person\\\/767b0ab6b1967bddefea5bc8e8e94c6f\",\"name\":\"Mariano Duran\"}]}<\/script>\n<!-- \/ Yoast SEO plugin. -->","yoast_head_json":{"title":"Volvi\u00f3 la magia &#8226; Montevideo City Torque","robots":{"index":"index","follow":"follow","max-snippet":"max-snippet:-1","max-image-preview":"max-image-preview:large","max-video-preview":"max-video-preview:-1"},"canonical":"https:\/\/montevideocitytorque.com\/en\/2024\/09\/volvio-la-magia-2\/","og_locale":"en_GB","og_type":"article","og_title":"Volvi\u00f3 la magia &#8226; Montevideo City Torque","og_description":"Nuestro exjugador, Tiago Palacios, visit\u00f3 La Academia este mi\u00e9rcoles tras vivir la experiencia de ser convocado a la selecci\u00f3n uruguaya [\u2026]","og_url":"https:\/\/montevideocitytorque.com\/en\/2024\/09\/volvio-la-magia-2\/","og_site_name":"Montevideo City Torque","article_publisher":"https:\/\/www.facebook.com\/mvdcitytorque","article_published_time":"2024-09-12T13:55:51+00:00","article_modified_time":"2024-09-12T13:55:53+00:00","og_image":[{"width":1600,"height":1067,"url":"https:\/\/63s6d1.a2cdn1.secureserver.net\/wp-content\/uploads\/2024\/09\/WhatsApp-Image-2024-09-12-at-15.54.27-e1726149347700.jpeg?time=1732027240","type":"image\/jpeg"}],"author":"Mariano Duran","twitter_card":"summary_large_image","twitter_creator":"@mvdcitytorque","twitter_site":"@mvdcitytorque","twitter_misc":{"Written by":"Mariano Duran","Estimated reading time":"1 minute"},"schema":{"@context":"https:\/\/schema.org","@graph":[{"@type":"Article","@id":"https:\/\/montevideocitytorque.com\/2024\/09\/volvio-la-magia-2\/#article","isPartOf":{"@id":"https:\/\/montevideocitytorque.com\/2024\/09\/volvio-la-magia-2\/"},"author":{"name":"Mariano Duran","@id":"https:\/\/montevideocitytorque.com\/#\/schema\/person\/767b0ab6b1967bddefea5bc8e8e94c6f"},"headline":"Volvi\u00f3 la magia","datePublished":"2024-09-12T13:55:51+00:00","dateModified":"2024-09-12T13:55:53+00:00","mainEntityOfPage":{"@id":"https:\/\/montevideocitytorque.com\/2024\/09\/volvio-la-magia-2\/"},"wordCount":74,"publisher":{"@id":"https:\/\/montevideocitytorque.com\/#organization"},"image":{"@id":"https:\/\/montevideocitytorque.com\/2024\/09\/volvio-la-magia-2\/#primaryimage"},"thumbnailUrl":"https:\/\/montevideocitytorque.com\/wp-content\/uploads\/2024\/09\/WhatsApp-Image-2024-09-12-at-15.54.27-e1726149347700.jpeg","articleSection":["City en la comunidad","Noticias"],"inLanguage":"en-GB"},{"@type":"WebPage","@id":"https:\/\/montevideocitytorque.com\/2024\/09\/volvio-la-magia-2\/","url":"https:\/\/montevideocitytorque.com\/2024\/09\/volvio-la-magia-2\/","name":"Volvi\u00f3 la magia &#8226; Montevideo City Torque","isPartOf":{"@id":"https:\/\/montevideocitytorque.com\/#website"},"primaryImageOfPage":{"@id":"https:\/\/montevideocitytorque.com\/2024\/09\/volvio-la-magia-2\/#primaryimage"},"image":{"@id":"https:\/\/montevideocitytorque.com\/2024\/09\/volvio-la-magia-2\/#primaryimage"},"thumbnailUrl":"https:\/\/montevideocitytorque.com\/wp-content\/uploads\/2024\/09\/WhatsApp-Image-2024-09-12-at-15.54.27-e1726149347700.jpeg","datePublished":"2024-09-12T13:55:51+00:00","dateModified":"2024-09-12T13:55:53+00:00","breadcrumb":{"@id":"https:\/\/montevideocitytorque.com\/2024\/09\/volvio-la-magia-2\/#breadcrumb"},"inLanguage":"en-GB","potentialAction":[{"@type":"ReadAction","target":["https:\/\/montevideocitytorque.com\/2024\/09\/volvio-la-magia-2\/"]}]},{"@type":"ImageObject","inLanguage":"en-GB","@id":"https:\/\/montevideocitytorque.com\/2024\/09\/volvio-la-magia-2\/#primaryimage","url":"https:\/\/montevideocitytorque.com\/wp-content\/uploads\/2024\/09\/WhatsApp-Image-2024-09-12-at-15.54.27-e1726149347700.jpeg","contentUrl":"https:\/\/montevideocitytorque.com\/wp-content\/uploads\/2024\/09\/WhatsApp-Image-2024-09-12-at-15.54.27-e1726149347700.jpeg","width":1600,"height":1067},{"@type":"BreadcrumbList","@id":"https:\/\/montevideocitytorque.com\/2024\/09\/volvio-la-magia-2\/#breadcrumb","itemListElement":[{"@type":"ListItem","position":1,"name":"Home","item":"https:\/\/montevideocitytorque.com\/"},{"@type":"ListItem","position":2,"name":"Volvi\u00f3 la magia"}]},{"@type":"WebSite","@id":"https:\/\/montevideocitytorque.com\/#website","url":"https:\/\/montevideocitytorque.com\/","name":"Montevideo City Torque","description":"","publisher":{"@id":"https:\/\/montevideocitytorque.com\/#organization"},"potentialAction":[{"@type":"SearchAction","target":{"@type":"EntryPoint","urlTemplate":"https:\/\/montevideocitytorque.com\/?s={search_term_string}"},"query-input":{"@type":"PropertyValueSpecification","valueRequired":true,"valueName":"search_term_string"}}],"inLanguage":"en-GB"},{"@type":"Organization","@id":"https:\/\/montevideocitytorque.com\/#organization","name":"Montevideo City Torque","url":"https:\/\/montevideocitytorque.com\/","logo":{"@type":"ImageObject","inLanguage":"en-GB","@id":"https:\/\/montevideocitytorque.com\/#\/schema\/logo\/image\/","url":"https:\/\/63s6d1.a2cdn1.secureserver.net\/wp-content\/uploads\/2020\/01\/escudo-1.png?time=1681308104","contentUrl":"https:\/\/63s6d1.a2cdn1.secureserver.net\/wp-content\/uploads\/2020\/01\/escudo-1.png?time=1681308104","width":473,"height":473,"caption":"Montevideo City Torque"},"image":{"@id":"https:\/\/montevideocitytorque.com\/#\/schema\/logo\/image\/"},"sameAs":["https:\/\/www.facebook.com\/mvdcitytorque","https:\/\/x.com\/mvdcitytorque"]},{"@type":"Person","@id":"https:\/\/montevideocitytorque.com\/#\/schema\/person\/767b0ab6b1967bddefea5bc8e8e94c6f","name":"Mariano Duran"}]}},"_links":{"self":[{"href":"https:\/\/montevideocitytorque.com\/en\/wp-json\/wp\/v2\/posts\/3189","targetHints":{"allow":["GET"]}}],"collection":[{"href":"https:\/\/montevideocitytorque.com\/en\/wp-json\/wp\/v2\/posts"}],"about":[{"href":"https:\/\/montevideocitytorque.com\/en\/wp-json\/wp\/v2\/types\/post"}],"author":[{"embeddable":true,"href":"https:\/\/montevideocitytorque.com\/en\/wp-json\/wp\/v2\/users\/12"}],"replies":[{"embeddable":true,"href":"https:\/\/montevideocitytorque.com\/en\/wp-json\/wp\/v2\/comments?post=3189"}],"version-history":[{"count":1,"href":"https:\/\/montevideocitytorque.com\/en\/wp-json\/wp\/v2\/posts\/3189\/revisions"}],"predecessor-version":[{"id":3191,"href":"https:\/\/montevideocitytorque.com\/en\/wp-json\/wp\/v2\/posts\/3189\/revisions\/3191"}],"wp:featuredmedia":[{"embeddable":true,"href":"https:\/\/montevideocitytorque.com\/en\/wp-json\/wp\/v2\/media\/3190"}],"wp:attachment":[{"href":"https:\/\/montevideocitytorque.com\/en\/wp-json\/wp\/v2\/media?parent=3189"}],"wp:term":[{"taxonomy":"category","embeddable":true,"href":"https:\/\/montevideocitytorque.com\/en\/wp-json\/wp\/v2\/categories?post=3189"},{"taxonomy":"post_tag","embeddable":true,"href":"https:\/\/montevideocitytorque.com\/en\/wp-json\/wp\/v2\/tags?post=3189"}],"curies":[{"name":"wp","href":"https:\/\/api.w.org\/{rel}","templated":true}]}}