{"id":527,"date":"2020-02-18T03:02:17","date_gmt":"2020-02-18T03:02:17","guid":{"rendered":"https:\/\/montevideocitytorque.com\/?p=527"},"modified":"2020-02-18T03:02:19","modified_gmt":"2020-02-18T03:02:19","slug":"fecha-1-montevideo-city-torque-1-3-progreso","status":"publish","type":"post","link":"https:\/\/montevideocitytorque.com\/en\/2020\/02\/fecha-1-montevideo-city-torque-1-3-progreso\/","title":{"rendered":"Fecha 1 | Montevideo City Torque 1 \u2013 3 Progreso"},"content":{"rendered":"<p>El Montevideo City Torque cay\u00f3 ante el Club Atl\u00e9tico Progreso en su estreno en el Campeonato Uruguayo 2020 este s\u00e1bado a partir de las 17 hs por tres a uno en partido disputado en el Estadio Centenario. <\/p>\n\n\n\n<p><br> El equipo de Marini salt\u00f3 al campo de juego con:<br> C. Fiermar\u00edn; J. \u00c1lvarez, O. P\u00edris, Y. Rak, A. Pe\u00f1a; S. Scotto, A. Brun, D. Pereira; L. Rodr\u00edguez, S. Blanco, G. del Prete. <\/p>\n\n\n\n<p><br> Las cosas no empezaron bien para los celestes, ya que a los 27 minutos de la primera mitad, Agust\u00edn Pe\u00f1a vio la tarjeta roja. A los 42 minutos, adem\u00e1s, el Gaucho del Pantanoso abri\u00f3 la cuenta por intermedio de Alex Silva. As\u00ed se fueron al descanso. <\/p>\n\n\n\n<p><br> El segundo tiempo, Montevideo City sali\u00f3 a buscar al aurirrojo, pero sufri\u00f3 de contragolpe la segunda conquista del partido, nuevamente a manos de Alex Silva, a los 53 minutos. <br> Ingresaron Franco Pizzichillo por Lucas Rodr\u00edguez y Mat\u00edas C\u00f3ccaro por Sergio Blanco a los 12 del complemento, sin embargo, a los 65 de juego, la visita logr\u00f3 ampliar la ventaja gracias al gol de Nahuel Rold\u00e1n. <\/p>\n\n\n\n<p><br> Marcelo Allende, el chileno, hizo su debut a los 70\u2019, y 17 fueron los minutos que le bastaron para anotar su primer gol con la camiseta de Montevideo City. A los 87\u2019 de pierna derecha, rematando al segundo palo logr\u00f3 vencer al guardameta rival y achicar la ventaja. <\/p>\n\n\n\n<p><br> Sin m\u00e1s, finaliz\u00f3 el encuentro en el Estadio  Centenario. Por la segunda fecha del Torneo Apertura, Torque visitar\u00e1 a F\u00e9nix en el Parque Capurro a las 17 hs del mi\u00e9rcoles 26 de febrero. <\/p>","protected":false},"excerpt":{"rendered":"<p>El Montevideo City Torque cay\u00f3 ante el Club Atl\u00e9tico Progreso en su estreno en el Campeonato Uruguayo 2020 este s\u00e1bado<span class=\"excerpt-hellip\"> [\u2026]<\/span><\/p>\n","protected":false},"author":1,"featured_media":528,"comment_status":"open","ping_status":"open","sticky":false,"template":"","format":"standard","meta":{"rop_custom_images_group":[],"rop_custom_messages_group":[],"rop_publish_now":"initial","rop_publish_now_accounts":[],"rop_publish_now_history":[],"rop_publish_now_status":"pending","_monsterinsights_skip_tracking":false,"_monsterinsights_sitenote_active":false,"_monsterinsights_sitenote_note":"","_monsterinsights_sitenote_category":0,"footnotes":""},"categories":[11],"tags":[],"class_list":["post-527","post","type-post","status-publish","format-standard","has-post-thumbnail","hentry","category-noticias"],"yoast_head":"<!-- This site is optimized with the Yoast SEO plugin v27.5 - https:\/\/yoast.com\/product\/yoast-seo-wordpress\/ -->\n<title>Fecha 1 | Montevideo City Torque 1 \u2013 3 Progreso &#8226; Montevideo City Torque<\/title>\n<meta name=\"robots\" content=\"index, follow, max-snippet:-1, max-image-preview:large, max-video-preview:-1\" \/>\n<link rel=\"canonical\" href=\"https:\/\/montevideocitytorque.com\/en\/2020\/02\/fecha-1-montevideo-city-torque-1-3-progreso\/\" \/>\n<meta property=\"og:locale\" content=\"en_GB\" \/>\n<meta property=\"og:type\" content=\"article\" \/>\n<meta property=\"og:title\" content=\"Fecha 1 | Montevideo City Torque 1 \u2013 3 Progreso &#8226; Montevideo City Torque\" \/>\n<meta property=\"og:description\" content=\"El Montevideo City Torque cay\u00f3 ante el Club Atl\u00e9tico Progreso en su estreno en el Campeonato Uruguayo 2020 este s\u00e1bado [\u2026]\" \/>\n<meta property=\"og:url\" content=\"https:\/\/montevideocitytorque.com\/en\/2020\/02\/fecha-1-montevideo-city-torque-1-3-progreso\/\" \/>\n<meta property=\"og:site_name\" content=\"Montevideo City Torque\" \/>\n<meta property=\"article:publisher\" content=\"https:\/\/www.facebook.com\/mvdcitytorque\" \/>\n<meta property=\"article:published_time\" content=\"2020-02-18T03:02:17+00:00\" \/>\n<meta property=\"article:modified_time\" content=\"2020-02-18T03:02:19+00:00\" \/>\n<meta property=\"og:image\" content=\"https:\/\/63s6d1.a2cdn1.secureserver.net\/wp-content\/uploads\/2020\/02\/ERAY0fQX0AMbAqy.jpg?time=1732027240\" \/>\n\t<meta property=\"og:image:width\" content=\"2048\" \/>\n\t<meta property=\"og:image:height\" content=\"1366\" \/>\n\t<meta property=\"og:image:type\" content=\"image\/jpeg\" \/>\n<meta name=\"author\" content=\"Montevideo City Torque\" \/>\n<meta name=\"twitter:card\" content=\"summary_large_image\" \/>\n<meta name=\"twitter:creator\" content=\"@mvdcitytorque\" \/>\n<meta name=\"twitter:site\" content=\"@mvdcitytorque\" \/>\n<meta name=\"twitter:label1\" content=\"Written by\" \/>\n\t<meta name=\"twitter:data1\" content=\"Montevideo City Torque\" \/>\n\t<meta name=\"twitter:label2\" content=\"Estimated reading time\" \/>\n\t<meta name=\"twitter:data2\" content=\"1 minute\" \/>\n<script type=\"application\/ld+json\" class=\"yoast-schema-graph\">{\"@context\":\"https:\\\/\\\/schema.org\",\"@graph\":[{\"@type\":\"Article\",\"@id\":\"https:\\\/\\\/montevideocitytorque.com\\\/2020\\\/02\\\/fecha-1-montevideo-city-torque-1-3-progreso\\\/#article\",\"isPartOf\":{\"@id\":\"https:\\\/\\\/montevideocitytorque.com\\\/2020\\\/02\\\/fecha-1-montevideo-city-torque-1-3-progreso\\\/\"},\"author\":{\"name\":\"Montevideo City Torque\",\"@id\":\"https:\\\/\\\/montevideocitytorque.com\\\/#\\\/schema\\\/person\\\/15f5eae35604eb2cc78e2bf400f2c210\"},\"headline\":\"Fecha 1 | Montevideo City Torque 1 \u2013 3 Progreso\",\"datePublished\":\"2020-02-18T03:02:17+00:00\",\"dateModified\":\"2020-02-18T03:02:19+00:00\",\"mainEntityOfPage\":{\"@id\":\"https:\\\/\\\/montevideocitytorque.com\\\/2020\\\/02\\\/fecha-1-montevideo-city-torque-1-3-progreso\\\/\"},\"wordCount\":271,\"commentCount\":0,\"publisher\":{\"@id\":\"https:\\\/\\\/montevideocitytorque.com\\\/#organization\"},\"image\":{\"@id\":\"https:\\\/\\\/montevideocitytorque.com\\\/2020\\\/02\\\/fecha-1-montevideo-city-torque-1-3-progreso\\\/#primaryimage\"},\"thumbnailUrl\":\"https:\\\/\\\/montevideocitytorque.com\\\/wp-content\\\/uploads\\\/2020\\\/02\\\/ERAY0fQX0AMbAqy.jpg\",\"articleSection\":[\"Noticias\"],\"inLanguage\":\"en-GB\",\"potentialAction\":[{\"@type\":\"CommentAction\",\"name\":\"Comment\",\"target\":[\"https:\\\/\\\/montevideocitytorque.com\\\/2020\\\/02\\\/fecha-1-montevideo-city-torque-1-3-progreso\\\/#respond\"]}]},{\"@type\":\"WebPage\",\"@id\":\"https:\\\/\\\/montevideocitytorque.com\\\/2020\\\/02\\\/fecha-1-montevideo-city-torque-1-3-progreso\\\/\",\"url\":\"https:\\\/\\\/montevideocitytorque.com\\\/2020\\\/02\\\/fecha-1-montevideo-city-torque-1-3-progreso\\\/\",\"name\":\"Fecha 1 | Montevideo City Torque 1 \u2013 3 Progreso &#8226; Montevideo City Torque\",\"isPartOf\":{\"@id\":\"https:\\\/\\\/montevideocitytorque.com\\\/#website\"},\"primaryImageOfPage\":{\"@id\":\"https:\\\/\\\/montevideocitytorque.com\\\/2020\\\/02\\\/fecha-1-montevideo-city-torque-1-3-progreso\\\/#primaryimage\"},\"image\":{\"@id\":\"https:\\\/\\\/montevideocitytorque.com\\\/2020\\\/02\\\/fecha-1-montevideo-city-torque-1-3-progreso\\\/#primaryimage\"},\"thumbnailUrl\":\"https:\\\/\\\/montevideocitytorque.com\\\/wp-content\\\/uploads\\\/2020\\\/02\\\/ERAY0fQX0AMbAqy.jpg\",\"datePublished\":\"2020-02-18T03:02:17+00:00\",\"dateModified\":\"2020-02-18T03:02:19+00:00\",\"breadcrumb\":{\"@id\":\"https:\\\/\\\/montevideocitytorque.com\\\/2020\\\/02\\\/fecha-1-montevideo-city-torque-1-3-progreso\\\/#breadcrumb\"},\"inLanguage\":\"en-GB\",\"potentialAction\":[{\"@type\":\"ReadAction\",\"target\":[\"https:\\\/\\\/montevideocitytorque.com\\\/2020\\\/02\\\/fecha-1-montevideo-city-torque-1-3-progreso\\\/\"]}]},{\"@type\":\"ImageObject\",\"inLanguage\":\"en-GB\",\"@id\":\"https:\\\/\\\/montevideocitytorque.com\\\/2020\\\/02\\\/fecha-1-montevideo-city-torque-1-3-progreso\\\/#primaryimage\",\"url\":\"https:\\\/\\\/montevideocitytorque.com\\\/wp-content\\\/uploads\\\/2020\\\/02\\\/ERAY0fQX0AMbAqy.jpg\",\"contentUrl\":\"https:\\\/\\\/montevideocitytorque.com\\\/wp-content\\\/uploads\\\/2020\\\/02\\\/ERAY0fQX0AMbAqy.jpg\",\"width\":\"2048\",\"height\":\"1366\"},{\"@type\":\"BreadcrumbList\",\"@id\":\"https:\\\/\\\/montevideocitytorque.com\\\/2020\\\/02\\\/fecha-1-montevideo-city-torque-1-3-progreso\\\/#breadcrumb\",\"itemListElement\":[{\"@type\":\"ListItem\",\"position\":1,\"name\":\"Home\",\"item\":\"https:\\\/\\\/montevideocitytorque.com\\\/\"},{\"@type\":\"ListItem\",\"position\":2,\"name\":\"Fecha 1 | Montevideo City Torque 1 \u2013 3 Progreso\"}]},{\"@type\":\"WebSite\",\"@id\":\"https:\\\/\\\/montevideocitytorque.com\\\/#website\",\"url\":\"https:\\\/\\\/montevideocitytorque.com\\\/\",\"name\":\"Montevideo City Torque\",\"description\":\"\",\"publisher\":{\"@id\":\"https:\\\/\\\/montevideocitytorque.com\\\/#organization\"},\"potentialAction\":[{\"@type\":\"SearchAction\",\"target\":{\"@type\":\"EntryPoint\",\"urlTemplate\":\"https:\\\/\\\/montevideocitytorque.com\\\/?s={search_term_string}\"},\"query-input\":{\"@type\":\"PropertyValueSpecification\",\"valueRequired\":true,\"valueName\":\"search_term_string\"}}],\"inLanguage\":\"en-GB\"},{\"@type\":\"Organization\",\"@id\":\"https:\\\/\\\/montevideocitytorque.com\\\/#organization\",\"name\":\"Montevideo City Torque\",\"url\":\"https:\\\/\\\/montevideocitytorque.com\\\/\",\"logo\":{\"@type\":\"ImageObject\",\"inLanguage\":\"en-GB\",\"@id\":\"https:\\\/\\\/montevideocitytorque.com\\\/#\\\/schema\\\/logo\\\/image\\\/\",\"url\":\"https:\\\/\\\/63s6d1.a2cdn1.secureserver.net\\\/wp-content\\\/uploads\\\/2020\\\/01\\\/escudo-1.png?time=1681308104\",\"contentUrl\":\"https:\\\/\\\/63s6d1.a2cdn1.secureserver.net\\\/wp-content\\\/uploads\\\/2020\\\/01\\\/escudo-1.png?time=1681308104\",\"width\":473,\"height\":473,\"caption\":\"Montevideo City Torque\"},\"image\":{\"@id\":\"https:\\\/\\\/montevideocitytorque.com\\\/#\\\/schema\\\/logo\\\/image\\\/\"},\"sameAs\":[\"https:\\\/\\\/www.facebook.com\\\/mvdcitytorque\",\"https:\\\/\\\/x.com\\\/mvdcitytorque\"]},{\"@type\":\"Person\",\"@id\":\"https:\\\/\\\/montevideocitytorque.com\\\/#\\\/schema\\\/person\\\/15f5eae35604eb2cc78e2bf400f2c210\",\"name\":\"Montevideo City Torque\"}]}<\/script>\n<!-- \/ Yoast SEO plugin. -->","yoast_head_json":{"title":"Fecha 1 | Montevideo City Torque 1 \u2013 3 Progreso &#8226; Montevideo City Torque","robots":{"index":"index","follow":"follow","max-snippet":"max-snippet:-1","max-image-preview":"max-image-preview:large","max-video-preview":"max-video-preview:-1"},"canonical":"https:\/\/montevideocitytorque.com\/en\/2020\/02\/fecha-1-montevideo-city-torque-1-3-progreso\/","og_locale":"en_GB","og_type":"article","og_title":"Fecha 1 | Montevideo City Torque 1 \u2013 3 Progreso &#8226; Montevideo City Torque","og_description":"El Montevideo City Torque cay\u00f3 ante el Club Atl\u00e9tico Progreso en su estreno en el Campeonato Uruguayo 2020 este s\u00e1bado [\u2026]","og_url":"https:\/\/montevideocitytorque.com\/en\/2020\/02\/fecha-1-montevideo-city-torque-1-3-progreso\/","og_site_name":"Montevideo City Torque","article_publisher":"https:\/\/www.facebook.com\/mvdcitytorque","article_published_time":"2020-02-18T03:02:17+00:00","article_modified_time":"2020-02-18T03:02:19+00:00","og_image":[{"width":2048,"height":1366,"url":"https:\/\/63s6d1.a2cdn1.secureserver.net\/wp-content\/uploads\/2020\/02\/ERAY0fQX0AMbAqy.jpg?time=1732027240","type":"image\/jpeg"}],"author":"Montevideo City Torque","twitter_card":"summary_large_image","twitter_creator":"@mvdcitytorque","twitter_site":"@mvdcitytorque","twitter_misc":{"Written by":"Montevideo City Torque","Estimated reading time":"1 minute"},"schema":{"@context":"https:\/\/schema.org","@graph":[{"@type":"Article","@id":"https:\/\/montevideocitytorque.com\/2020\/02\/fecha-1-montevideo-city-torque-1-3-progreso\/#article","isPartOf":{"@id":"https:\/\/montevideocitytorque.com\/2020\/02\/fecha-1-montevideo-city-torque-1-3-progreso\/"},"author":{"name":"Montevideo City Torque","@id":"https:\/\/montevideocitytorque.com\/#\/schema\/person\/15f5eae35604eb2cc78e2bf400f2c210"},"headline":"Fecha 1 | Montevideo City Torque 1 \u2013 3 Progreso","datePublished":"2020-02-18T03:02:17+00:00","dateModified":"2020-02-18T03:02:19+00:00","mainEntityOfPage":{"@id":"https:\/\/montevideocitytorque.com\/2020\/02\/fecha-1-montevideo-city-torque-1-3-progreso\/"},"wordCount":271,"commentCount":0,"publisher":{"@id":"https:\/\/montevideocitytorque.com\/#organization"},"image":{"@id":"https:\/\/montevideocitytorque.com\/2020\/02\/fecha-1-montevideo-city-torque-1-3-progreso\/#primaryimage"},"thumbnailUrl":"https:\/\/montevideocitytorque.com\/wp-content\/uploads\/2020\/02\/ERAY0fQX0AMbAqy.jpg","articleSection":["Noticias"],"inLanguage":"en-GB","potentialAction":[{"@type":"CommentAction","name":"Comment","target":["https:\/\/montevideocitytorque.com\/2020\/02\/fecha-1-montevideo-city-torque-1-3-progreso\/#respond"]}]},{"@type":"WebPage","@id":"https:\/\/montevideocitytorque.com\/2020\/02\/fecha-1-montevideo-city-torque-1-3-progreso\/","url":"https:\/\/montevideocitytorque.com\/2020\/02\/fecha-1-montevideo-city-torque-1-3-progreso\/","name":"Fecha 1 | Montevideo City Torque 1 \u2013 3 Progreso &#8226; Montevideo City Torque","isPartOf":{"@id":"https:\/\/montevideocitytorque.com\/#website"},"primaryImageOfPage":{"@id":"https:\/\/montevideocitytorque.com\/2020\/02\/fecha-1-montevideo-city-torque-1-3-progreso\/#primaryimage"},"image":{"@id":"https:\/\/montevideocitytorque.com\/2020\/02\/fecha-1-montevideo-city-torque-1-3-progreso\/#primaryimage"},"thumbnailUrl":"https:\/\/montevideocitytorque.com\/wp-content\/uploads\/2020\/02\/ERAY0fQX0AMbAqy.jpg","datePublished":"2020-02-18T03:02:17+00:00","dateModified":"2020-02-18T03:02:19+00:00","breadcrumb":{"@id":"https:\/\/montevideocitytorque.com\/2020\/02\/fecha-1-montevideo-city-torque-1-3-progreso\/#breadcrumb"},"inLanguage":"en-GB","potentialAction":[{"@type":"ReadAction","target":["https:\/\/montevideocitytorque.com\/2020\/02\/fecha-1-montevideo-city-torque-1-3-progreso\/"]}]},{"@type":"ImageObject","inLanguage":"en-GB","@id":"https:\/\/montevideocitytorque.com\/2020\/02\/fecha-1-montevideo-city-torque-1-3-progreso\/#primaryimage","url":"https:\/\/montevideocitytorque.com\/wp-content\/uploads\/2020\/02\/ERAY0fQX0AMbAqy.jpg","contentUrl":"https:\/\/montevideocitytorque.com\/wp-content\/uploads\/2020\/02\/ERAY0fQX0AMbAqy.jpg","width":"2048","height":"1366"},{"@type":"BreadcrumbList","@id":"https:\/\/montevideocitytorque.com\/2020\/02\/fecha-1-montevideo-city-torque-1-3-progreso\/#breadcrumb","itemListElement":[{"@type":"ListItem","position":1,"name":"Home","item":"https:\/\/montevideocitytorque.com\/"},{"@type":"ListItem","position":2,"name":"Fecha 1 | Montevideo City Torque 1 \u2013 3 Progreso"}]},{"@type":"WebSite","@id":"https:\/\/montevideocitytorque.com\/#website","url":"https:\/\/montevideocitytorque.com\/","name":"Montevideo City Torque","description":"","publisher":{"@id":"https:\/\/montevideocitytorque.com\/#organization"},"potentialAction":[{"@type":"SearchAction","target":{"@type":"EntryPoint","urlTemplate":"https:\/\/montevideocitytorque.com\/?s={search_term_string}"},"query-input":{"@type":"PropertyValueSpecification","valueRequired":true,"valueName":"search_term_string"}}],"inLanguage":"en-GB"},{"@type":"Organization","@id":"https:\/\/montevideocitytorque.com\/#organization","name":"Montevideo City Torque","url":"https:\/\/montevideocitytorque.com\/","logo":{"@type":"ImageObject","inLanguage":"en-GB","@id":"https:\/\/montevideocitytorque.com\/#\/schema\/logo\/image\/","url":"https:\/\/63s6d1.a2cdn1.secureserver.net\/wp-content\/uploads\/2020\/01\/escudo-1.png?time=1681308104","contentUrl":"https:\/\/63s6d1.a2cdn1.secureserver.net\/wp-content\/uploads\/2020\/01\/escudo-1.png?time=1681308104","width":473,"height":473,"caption":"Montevideo City Torque"},"image":{"@id":"https:\/\/montevideocitytorque.com\/#\/schema\/logo\/image\/"},"sameAs":["https:\/\/www.facebook.com\/mvdcitytorque","https:\/\/x.com\/mvdcitytorque"]},{"@type":"Person","@id":"https:\/\/montevideocitytorque.com\/#\/schema\/person\/15f5eae35604eb2cc78e2bf400f2c210","name":"Montevideo City Torque"}]}},"_links":{"self":[{"href":"https:\/\/montevideocitytorque.com\/en\/wp-json\/wp\/v2\/posts\/527","targetHints":{"allow":["GET"]}}],"collection":[{"href":"https:\/\/montevideocitytorque.com\/en\/wp-json\/wp\/v2\/posts"}],"about":[{"href":"https:\/\/montevideocitytorque.com\/en\/wp-json\/wp\/v2\/types\/post"}],"author":[{"embeddable":true,"href":"https:\/\/montevideocitytorque.com\/en\/wp-json\/wp\/v2\/users\/1"}],"replies":[{"embeddable":true,"href":"https:\/\/montevideocitytorque.com\/en\/wp-json\/wp\/v2\/comments?post=527"}],"version-history":[{"count":1,"href":"https:\/\/montevideocitytorque.com\/en\/wp-json\/wp\/v2\/posts\/527\/revisions"}],"predecessor-version":[{"id":529,"href":"https:\/\/montevideocitytorque.com\/en\/wp-json\/wp\/v2\/posts\/527\/revisions\/529"}],"wp:featuredmedia":[{"embeddable":true,"href":"https:\/\/montevideocitytorque.com\/en\/wp-json\/wp\/v2\/media\/528"}],"wp:attachment":[{"href":"https:\/\/montevideocitytorque.com\/en\/wp-json\/wp\/v2\/media?parent=527"}],"wp:term":[{"taxonomy":"category","embeddable":true,"href":"https:\/\/montevideocitytorque.com\/en\/wp-json\/wp\/v2\/categories?post=527"},{"taxonomy":"post_tag","embeddable":true,"href":"https:\/\/montevideocitytorque.com\/en\/wp-json\/wp\/v2\/tags?post=527"}],"curies":[{"name":"wp","href":"https:\/\/api.w.org\/{rel}","templated":true}]}}