{"id":884,"date":"2021-02-03T16:15:35","date_gmt":"2021-02-03T16:15:35","guid":{"rendered":"https:\/\/montevideocitytorque.com\/?p=884"},"modified":"2021-02-04T02:58:06","modified_gmt":"2021-02-04T02:58:06","slug":"comunicado-oficial-alvaro-brun-positivo-por-covid-19","status":"publish","type":"post","link":"https:\/\/montevideocitytorque.com\/en\/2021\/02\/comunicado-oficial-alvaro-brun-positivo-por-covid-19\/","title":{"rendered":"Comunicado Oficial: \u00c1lvaro Brun positivo por COVID-19"},"content":{"rendered":"<h2 class=\"wp-block-heading\">Comunicado Oficial: \u00c1lvaro Brun positivo por COVID-19<\/h2>\n\n\n\n<p>Luego de ser sometido a una prueba PCR, nuestro jugador \u00c1lvaro Brun dio positivo por COVID-19.<br>\u00c1lvaro ya se encuentra en aislamiento, cumpliendo con todas las medidas de seguridad recomendadas por el M.S.P.<\/p>","protected":false},"excerpt":{"rendered":"<p>Comunicado Oficial: \u00c1lvaro Brun positivo por COVID-19 Luego de ser sometido a una prueba PCR, nuestro jugador \u00c1lvaro Brun dio<span class=\"excerpt-hellip\"> [\u2026]<\/span><\/p>\n","protected":false},"author":5,"featured_media":917,"comment_status":"open","ping_status":"open","sticky":false,"template":"","format":"standard","meta":{"rop_custom_images_group":[],"rop_custom_messages_group":[],"rop_publish_now":"initial","rop_publish_now_accounts":[],"rop_publish_now_history":[],"rop_publish_now_status":"pending","_monsterinsights_skip_tracking":false,"_monsterinsights_sitenote_active":false,"_monsterinsights_sitenote_note":"","_monsterinsights_sitenote_category":0,"footnotes":""},"categories":[11],"tags":[],"class_list":["post-884","post","type-post","status-publish","format-standard","has-post-thumbnail","hentry","category-noticias"],"yoast_head":"<!-- This site is optimized with the Yoast SEO plugin v27.5 - https:\/\/yoast.com\/product\/yoast-seo-wordpress\/ -->\n<title>Comunicado Oficial: \u00c1lvaro Brun positivo por COVID-19 &#8226; Montevideo City Torque<\/title>\n<meta name=\"robots\" content=\"index, follow, max-snippet:-1, max-image-preview:large, max-video-preview:-1\" \/>\n<link rel=\"canonical\" href=\"https:\/\/montevideocitytorque.com\/en\/2021\/02\/comunicado-oficial-alvaro-brun-positivo-por-covid-19\/\" \/>\n<meta property=\"og:locale\" content=\"en_GB\" \/>\n<meta property=\"og:type\" content=\"article\" \/>\n<meta property=\"og:title\" content=\"Comunicado Oficial: \u00c1lvaro Brun positivo por COVID-19 &#8226; Montevideo City Torque\" \/>\n<meta property=\"og:description\" content=\"Comunicado Oficial: \u00c1lvaro Brun positivo por COVID-19 Luego de ser sometido a una prueba PCR, nuestro jugador \u00c1lvaro Brun dio [\u2026]\" \/>\n<meta property=\"og:url\" content=\"https:\/\/montevideocitytorque.com\/en\/2021\/02\/comunicado-oficial-alvaro-brun-positivo-por-covid-19\/\" \/>\n<meta property=\"og:site_name\" content=\"Montevideo City Torque\" \/>\n<meta property=\"article:publisher\" content=\"https:\/\/www.facebook.com\/mvdcitytorque\" \/>\n<meta property=\"article:published_time\" content=\"2021-02-03T16:15:35+00:00\" \/>\n<meta property=\"article:modified_time\" content=\"2021-02-04T02:58:06+00:00\" \/>\n<meta property=\"og:image\" content=\"https:\/\/63s6d1.a2cdn1.secureserver.net\/wp-content\/uploads\/2021\/02\/brun2.png?time=1732027240\" \/>\n\t<meta property=\"og:image:width\" content=\"1280\" \/>\n\t<meta property=\"og:image:height\" content=\"720\" \/>\n\t<meta property=\"og:image:type\" content=\"image\/png\" \/>\n<meta name=\"author\" content=\"Olivera Manuel\" \/>\n<meta name=\"twitter:card\" content=\"summary_large_image\" \/>\n<meta name=\"twitter:creator\" content=\"@mvdcitytorque\" \/>\n<meta name=\"twitter:site\" content=\"@mvdcitytorque\" \/>\n<meta name=\"twitter:label1\" content=\"Written by\" \/>\n\t<meta name=\"twitter:data1\" content=\"Olivera Manuel\" \/>\n<script type=\"application\/ld+json\" class=\"yoast-schema-graph\">{\"@context\":\"https:\\\/\\\/schema.org\",\"@graph\":[{\"@type\":\"Article\",\"@id\":\"https:\\\/\\\/montevideocitytorque.com\\\/2021\\\/02\\\/comunicado-oficial-alvaro-brun-positivo-por-covid-19\\\/#article\",\"isPartOf\":{\"@id\":\"https:\\\/\\\/montevideocitytorque.com\\\/2021\\\/02\\\/comunicado-oficial-alvaro-brun-positivo-por-covid-19\\\/\"},\"author\":{\"name\":\"Olivera Manuel\",\"@id\":\"https:\\\/\\\/montevideocitytorque.com\\\/#\\\/schema\\\/person\\\/8ea07b5e5f3eb723c9085a560146eb75\"},\"headline\":\"Comunicado Oficial: \u00c1lvaro Brun positivo por COVID-19\",\"datePublished\":\"2021-02-03T16:15:35+00:00\",\"dateModified\":\"2021-02-04T02:58:06+00:00\",\"mainEntityOfPage\":{\"@id\":\"https:\\\/\\\/montevideocitytorque.com\\\/2021\\\/02\\\/comunicado-oficial-alvaro-brun-positivo-por-covid-19\\\/\"},\"wordCount\":49,\"commentCount\":0,\"publisher\":{\"@id\":\"https:\\\/\\\/montevideocitytorque.com\\\/#organization\"},\"image\":{\"@id\":\"https:\\\/\\\/montevideocitytorque.com\\\/2021\\\/02\\\/comunicado-oficial-alvaro-brun-positivo-por-covid-19\\\/#primaryimage\"},\"thumbnailUrl\":\"https:\\\/\\\/montevideocitytorque.com\\\/wp-content\\\/uploads\\\/2021\\\/02\\\/brun2.png\",\"articleSection\":[\"Noticias\"],\"inLanguage\":\"en-GB\",\"potentialAction\":[{\"@type\":\"CommentAction\",\"name\":\"Comment\",\"target\":[\"https:\\\/\\\/montevideocitytorque.com\\\/2021\\\/02\\\/comunicado-oficial-alvaro-brun-positivo-por-covid-19\\\/#respond\"]}]},{\"@type\":\"WebPage\",\"@id\":\"https:\\\/\\\/montevideocitytorque.com\\\/2021\\\/02\\\/comunicado-oficial-alvaro-brun-positivo-por-covid-19\\\/\",\"url\":\"https:\\\/\\\/montevideocitytorque.com\\\/2021\\\/02\\\/comunicado-oficial-alvaro-brun-positivo-por-covid-19\\\/\",\"name\":\"Comunicado Oficial: \u00c1lvaro Brun positivo por COVID-19 &#8226; Montevideo City Torque\",\"isPartOf\":{\"@id\":\"https:\\\/\\\/montevideocitytorque.com\\\/#website\"},\"primaryImageOfPage\":{\"@id\":\"https:\\\/\\\/montevideocitytorque.com\\\/2021\\\/02\\\/comunicado-oficial-alvaro-brun-positivo-por-covid-19\\\/#primaryimage\"},\"image\":{\"@id\":\"https:\\\/\\\/montevideocitytorque.com\\\/2021\\\/02\\\/comunicado-oficial-alvaro-brun-positivo-por-covid-19\\\/#primaryimage\"},\"thumbnailUrl\":\"https:\\\/\\\/montevideocitytorque.com\\\/wp-content\\\/uploads\\\/2021\\\/02\\\/brun2.png\",\"datePublished\":\"2021-02-03T16:15:35+00:00\",\"dateModified\":\"2021-02-04T02:58:06+00:00\",\"breadcrumb\":{\"@id\":\"https:\\\/\\\/montevideocitytorque.com\\\/2021\\\/02\\\/comunicado-oficial-alvaro-brun-positivo-por-covid-19\\\/#breadcrumb\"},\"inLanguage\":\"en-GB\",\"potentialAction\":[{\"@type\":\"ReadAction\",\"target\":[\"https:\\\/\\\/montevideocitytorque.com\\\/2021\\\/02\\\/comunicado-oficial-alvaro-brun-positivo-por-covid-19\\\/\"]}]},{\"@type\":\"ImageObject\",\"inLanguage\":\"en-GB\",\"@id\":\"https:\\\/\\\/montevideocitytorque.com\\\/2021\\\/02\\\/comunicado-oficial-alvaro-brun-positivo-por-covid-19\\\/#primaryimage\",\"url\":\"https:\\\/\\\/montevideocitytorque.com\\\/wp-content\\\/uploads\\\/2021\\\/02\\\/brun2.png\",\"contentUrl\":\"https:\\\/\\\/montevideocitytorque.com\\\/wp-content\\\/uploads\\\/2021\\\/02\\\/brun2.png\",\"width\":\"1280\",\"height\":\"720\"},{\"@type\":\"BreadcrumbList\",\"@id\":\"https:\\\/\\\/montevideocitytorque.com\\\/2021\\\/02\\\/comunicado-oficial-alvaro-brun-positivo-por-covid-19\\\/#breadcrumb\",\"itemListElement\":[{\"@type\":\"ListItem\",\"position\":1,\"name\":\"Home\",\"item\":\"https:\\\/\\\/montevideocitytorque.com\\\/\"},{\"@type\":\"ListItem\",\"position\":2,\"name\":\"Comunicado Oficial: \u00c1lvaro Brun positivo por COVID-19\"}]},{\"@type\":\"WebSite\",\"@id\":\"https:\\\/\\\/montevideocitytorque.com\\\/#website\",\"url\":\"https:\\\/\\\/montevideocitytorque.com\\\/\",\"name\":\"Montevideo City Torque\",\"description\":\"\",\"publisher\":{\"@id\":\"https:\\\/\\\/montevideocitytorque.com\\\/#organization\"},\"potentialAction\":[{\"@type\":\"SearchAction\",\"target\":{\"@type\":\"EntryPoint\",\"urlTemplate\":\"https:\\\/\\\/montevideocitytorque.com\\\/?s={search_term_string}\"},\"query-input\":{\"@type\":\"PropertyValueSpecification\",\"valueRequired\":true,\"valueName\":\"search_term_string\"}}],\"inLanguage\":\"en-GB\"},{\"@type\":\"Organization\",\"@id\":\"https:\\\/\\\/montevideocitytorque.com\\\/#organization\",\"name\":\"Montevideo City Torque\",\"url\":\"https:\\\/\\\/montevideocitytorque.com\\\/\",\"logo\":{\"@type\":\"ImageObject\",\"inLanguage\":\"en-GB\",\"@id\":\"https:\\\/\\\/montevideocitytorque.com\\\/#\\\/schema\\\/logo\\\/image\\\/\",\"url\":\"https:\\\/\\\/63s6d1.a2cdn1.secureserver.net\\\/wp-content\\\/uploads\\\/2020\\\/01\\\/escudo-1.png?time=1681308104\",\"contentUrl\":\"https:\\\/\\\/63s6d1.a2cdn1.secureserver.net\\\/wp-content\\\/uploads\\\/2020\\\/01\\\/escudo-1.png?time=1681308104\",\"width\":473,\"height\":473,\"caption\":\"Montevideo City Torque\"},\"image\":{\"@id\":\"https:\\\/\\\/montevideocitytorque.com\\\/#\\\/schema\\\/logo\\\/image\\\/\"},\"sameAs\":[\"https:\\\/\\\/www.facebook.com\\\/mvdcitytorque\",\"https:\\\/\\\/x.com\\\/mvdcitytorque\"]},{\"@type\":\"Person\",\"@id\":\"https:\\\/\\\/montevideocitytorque.com\\\/#\\\/schema\\\/person\\\/8ea07b5e5f3eb723c9085a560146eb75\",\"name\":\"Olivera Manuel\"}]}<\/script>\n<!-- \/ Yoast SEO plugin. -->","yoast_head_json":{"title":"Comunicado Oficial: \u00c1lvaro Brun positivo por COVID-19 &#8226; Montevideo City Torque","robots":{"index":"index","follow":"follow","max-snippet":"max-snippet:-1","max-image-preview":"max-image-preview:large","max-video-preview":"max-video-preview:-1"},"canonical":"https:\/\/montevideocitytorque.com\/en\/2021\/02\/comunicado-oficial-alvaro-brun-positivo-por-covid-19\/","og_locale":"en_GB","og_type":"article","og_title":"Comunicado Oficial: \u00c1lvaro Brun positivo por COVID-19 &#8226; Montevideo City Torque","og_description":"Comunicado Oficial: \u00c1lvaro Brun positivo por COVID-19 Luego de ser sometido a una prueba PCR, nuestro jugador \u00c1lvaro Brun dio [\u2026]","og_url":"https:\/\/montevideocitytorque.com\/en\/2021\/02\/comunicado-oficial-alvaro-brun-positivo-por-covid-19\/","og_site_name":"Montevideo City Torque","article_publisher":"https:\/\/www.facebook.com\/mvdcitytorque","article_published_time":"2021-02-03T16:15:35+00:00","article_modified_time":"2021-02-04T02:58:06+00:00","og_image":[{"width":1280,"height":720,"url":"https:\/\/63s6d1.a2cdn1.secureserver.net\/wp-content\/uploads\/2021\/02\/brun2.png?time=1732027240","type":"image\/png"}],"author":"Olivera Manuel","twitter_card":"summary_large_image","twitter_creator":"@mvdcitytorque","twitter_site":"@mvdcitytorque","twitter_misc":{"Written by":"Olivera Manuel"},"schema":{"@context":"https:\/\/schema.org","@graph":[{"@type":"Article","@id":"https:\/\/montevideocitytorque.com\/2021\/02\/comunicado-oficial-alvaro-brun-positivo-por-covid-19\/#article","isPartOf":{"@id":"https:\/\/montevideocitytorque.com\/2021\/02\/comunicado-oficial-alvaro-brun-positivo-por-covid-19\/"},"author":{"name":"Olivera Manuel","@id":"https:\/\/montevideocitytorque.com\/#\/schema\/person\/8ea07b5e5f3eb723c9085a560146eb75"},"headline":"Comunicado Oficial: \u00c1lvaro Brun positivo por COVID-19","datePublished":"2021-02-03T16:15:35+00:00","dateModified":"2021-02-04T02:58:06+00:00","mainEntityOfPage":{"@id":"https:\/\/montevideocitytorque.com\/2021\/02\/comunicado-oficial-alvaro-brun-positivo-por-covid-19\/"},"wordCount":49,"commentCount":0,"publisher":{"@id":"https:\/\/montevideocitytorque.com\/#organization"},"image":{"@id":"https:\/\/montevideocitytorque.com\/2021\/02\/comunicado-oficial-alvaro-brun-positivo-por-covid-19\/#primaryimage"},"thumbnailUrl":"https:\/\/montevideocitytorque.com\/wp-content\/uploads\/2021\/02\/brun2.png","articleSection":["Noticias"],"inLanguage":"en-GB","potentialAction":[{"@type":"CommentAction","name":"Comment","target":["https:\/\/montevideocitytorque.com\/2021\/02\/comunicado-oficial-alvaro-brun-positivo-por-covid-19\/#respond"]}]},{"@type":"WebPage","@id":"https:\/\/montevideocitytorque.com\/2021\/02\/comunicado-oficial-alvaro-brun-positivo-por-covid-19\/","url":"https:\/\/montevideocitytorque.com\/2021\/02\/comunicado-oficial-alvaro-brun-positivo-por-covid-19\/","name":"Comunicado Oficial: \u00c1lvaro Brun positivo por COVID-19 &#8226; Montevideo City Torque","isPartOf":{"@id":"https:\/\/montevideocitytorque.com\/#website"},"primaryImageOfPage":{"@id":"https:\/\/montevideocitytorque.com\/2021\/02\/comunicado-oficial-alvaro-brun-positivo-por-covid-19\/#primaryimage"},"image":{"@id":"https:\/\/montevideocitytorque.com\/2021\/02\/comunicado-oficial-alvaro-brun-positivo-por-covid-19\/#primaryimage"},"thumbnailUrl":"https:\/\/montevideocitytorque.com\/wp-content\/uploads\/2021\/02\/brun2.png","datePublished":"2021-02-03T16:15:35+00:00","dateModified":"2021-02-04T02:58:06+00:00","breadcrumb":{"@id":"https:\/\/montevideocitytorque.com\/2021\/02\/comunicado-oficial-alvaro-brun-positivo-por-covid-19\/#breadcrumb"},"inLanguage":"en-GB","potentialAction":[{"@type":"ReadAction","target":["https:\/\/montevideocitytorque.com\/2021\/02\/comunicado-oficial-alvaro-brun-positivo-por-covid-19\/"]}]},{"@type":"ImageObject","inLanguage":"en-GB","@id":"https:\/\/montevideocitytorque.com\/2021\/02\/comunicado-oficial-alvaro-brun-positivo-por-covid-19\/#primaryimage","url":"https:\/\/montevideocitytorque.com\/wp-content\/uploads\/2021\/02\/brun2.png","contentUrl":"https:\/\/montevideocitytorque.com\/wp-content\/uploads\/2021\/02\/brun2.png","width":"1280","height":"720"},{"@type":"BreadcrumbList","@id":"https:\/\/montevideocitytorque.com\/2021\/02\/comunicado-oficial-alvaro-brun-positivo-por-covid-19\/#breadcrumb","itemListElement":[{"@type":"ListItem","position":1,"name":"Home","item":"https:\/\/montevideocitytorque.com\/"},{"@type":"ListItem","position":2,"name":"Comunicado Oficial: \u00c1lvaro Brun positivo por COVID-19"}]},{"@type":"WebSite","@id":"https:\/\/montevideocitytorque.com\/#website","url":"https:\/\/montevideocitytorque.com\/","name":"Montevideo City Torque","description":"","publisher":{"@id":"https:\/\/montevideocitytorque.com\/#organization"},"potentialAction":[{"@type":"SearchAction","target":{"@type":"EntryPoint","urlTemplate":"https:\/\/montevideocitytorque.com\/?s={search_term_string}"},"query-input":{"@type":"PropertyValueSpecification","valueRequired":true,"valueName":"search_term_string"}}],"inLanguage":"en-GB"},{"@type":"Organization","@id":"https:\/\/montevideocitytorque.com\/#organization","name":"Montevideo City Torque","url":"https:\/\/montevideocitytorque.com\/","logo":{"@type":"ImageObject","inLanguage":"en-GB","@id":"https:\/\/montevideocitytorque.com\/#\/schema\/logo\/image\/","url":"https:\/\/63s6d1.a2cdn1.secureserver.net\/wp-content\/uploads\/2020\/01\/escudo-1.png?time=1681308104","contentUrl":"https:\/\/63s6d1.a2cdn1.secureserver.net\/wp-content\/uploads\/2020\/01\/escudo-1.png?time=1681308104","width":473,"height":473,"caption":"Montevideo City Torque"},"image":{"@id":"https:\/\/montevideocitytorque.com\/#\/schema\/logo\/image\/"},"sameAs":["https:\/\/www.facebook.com\/mvdcitytorque","https:\/\/x.com\/mvdcitytorque"]},{"@type":"Person","@id":"https:\/\/montevideocitytorque.com\/#\/schema\/person\/8ea07b5e5f3eb723c9085a560146eb75","name":"Olivera Manuel"}]}},"_links":{"self":[{"href":"https:\/\/montevideocitytorque.com\/en\/wp-json\/wp\/v2\/posts\/884","targetHints":{"allow":["GET"]}}],"collection":[{"href":"https:\/\/montevideocitytorque.com\/en\/wp-json\/wp\/v2\/posts"}],"about":[{"href":"https:\/\/montevideocitytorque.com\/en\/wp-json\/wp\/v2\/types\/post"}],"author":[{"embeddable":true,"href":"https:\/\/montevideocitytorque.com\/en\/wp-json\/wp\/v2\/users\/5"}],"replies":[{"embeddable":true,"href":"https:\/\/montevideocitytorque.com\/en\/wp-json\/wp\/v2\/comments?post=884"}],"version-history":[{"count":4,"href":"https:\/\/montevideocitytorque.com\/en\/wp-json\/wp\/v2\/posts\/884\/revisions"}],"predecessor-version":[{"id":902,"href":"https:\/\/montevideocitytorque.com\/en\/wp-json\/wp\/v2\/posts\/884\/revisions\/902"}],"wp:featuredmedia":[{"embeddable":true,"href":"https:\/\/montevideocitytorque.com\/en\/wp-json\/wp\/v2\/media\/917"}],"wp:attachment":[{"href":"https:\/\/montevideocitytorque.com\/en\/wp-json\/wp\/v2\/media?parent=884"}],"wp:term":[{"taxonomy":"category","embeddable":true,"href":"https:\/\/montevideocitytorque.com\/en\/wp-json\/wp\/v2\/categories?post=884"},{"taxonomy":"post_tag","embeddable":true,"href":"https:\/\/montevideocitytorque.com\/en\/wp-json\/wp\/v2\/tags?post=884"}],"curies":[{"name":"wp","href":"https:\/\/api.w.org\/{rel}","templated":true}]}}